{"id":13353,"date":"2022-06-12T18:06:21","date_gmt":"2022-06-12T18:06:21","guid":{"rendered":"https:\/\/conakrynews.org\/?p=13353"},"modified":"2022-06-12T21:13:41","modified_gmt":"2022-06-12T21:13:41","slug":"mise-en-liberte-des-detenus-lassociation-des-magistrats-de-guinee-denonce-lingerance-du-ministre-de-la-justice","status":"publish","type":"post","link":"https:\/\/conakrynews.org\/index.php\/mise-en-liberte-des-detenus-lassociation-des-magistrats-de-guinee-denonce-lingerance-du-ministre-de-la-justice\/","title":{"rendered":"Mise en libert\u00e9 des d\u00e9tenus: l&rsquo;Association des Magistrats de Guin\u00e9e d\u00e9nonce \u2039\u2039l&rsquo;ingerance du ministre de la justice\u203a\u203a"},"content":{"rendered":"<p>Dans une d\u00e9claration au vitriol, le conseil d\u2019Administration de l\u2019Association des magistrats de Guin\u00e9e (AMG) a d\u00e9nonc\u00e9 dimanche avec \u00ab la plus grande fermet\u00e9 l\u2019ing\u00e9rence du Garde des Sceaux, ministre de la Justice et des droits de l\u2019homme qui se \u00ab livre \u00e0 des mises en libert\u00e9 de personnes d\u00e9tenues les unes sous inculpation, les autres sous condamnation contrairement \u00e0 toute r\u00e8gle de proc\u00e9dure en vigueur\u203a\u203a<br \/>\n<img loading=\"lazy\" decoding=\"async\" class=\"alignright size-medium wp-image-13355\" src=\"https:\/\/conakrynews.org\/wp-content\/uploads\/2022\/06\/De\u0301claration-N\u00b0002-AMG_page-0001-266x375.jpg\" alt=\"\" width=\"266\" height=\"375\" srcset=\"https:\/\/conakrynews.org\/wp-content\/uploads\/2022\/06\/De\u0301claration-N\u00b0002-AMG_page-0001-266x375.jpg 266w, https:\/\/conakrynews.org\/wp-content\/uploads\/2022\/06\/De\u0301claration-N\u00b0002-AMG_page-0001.jpg 725w\" sizes=\"auto, (max-width: 266px) 100vw, 266px\" \/><br \/>\n<img loading=\"lazy\" decoding=\"async\" class=\"alignright size-medium wp-image-13354\" src=\"https:\/\/conakrynews.org\/wp-content\/uploads\/2022\/06\/De\u0301claration-N\u00b0002-AMG_page-0002-266x375.jpg\" alt=\"\" width=\"266\" height=\"375\" srcset=\"https:\/\/conakrynews.org\/wp-content\/uploads\/2022\/06\/De\u0301claration-N\u00b0002-AMG_page-0002-266x375.jpg 266w, https:\/\/conakrynews.org\/wp-content\/uploads\/2022\/06\/De\u0301claration-N\u00b0002-AMG_page-0002.jpg 725w\" sizes=\"auto, (max-width: 266px) 100vw, 266px\" \/><\/p>\n<p>Mediaguinee.org<\/p>\n","protected":false},"excerpt":{"rendered":"<p>Dans une d\u00e9claration au vitriol, le conseil d\u2019Administration de l\u2019Association des magistrats de Guin\u00e9e (AMG) a d\u00e9nonc\u00e9 dimanche avec \u00ab la plus grande fermet\u00e9 l\u2019ing\u00e9rence du Garde des Sceaux, ministre de la Justice et des droits de l\u2019homme qui se \u00ab livre \u00e0 des mises en libert\u00e9 de personnes d\u00e9tenues les unes sous inculpation, les [&hellip;]<\/p>\n","protected":false},"author":2,"featured_media":13357,"comment_status":"closed","ping_status":"closed","sticky":false,"template":"","format":"standard","meta":{"footnotes":""},"categories":[58],"tags":[],"class_list":{"0":"post-13353","1":"post","2":"type-post","3":"status-publish","4":"format-standard","5":"has-post-thumbnail","7":"category-societe"},"_links":{"self":[{"href":"https:\/\/conakrynews.org\/index.php\/wp-json\/wp\/v2\/posts\/13353","targetHints":{"allow":["GET"]}}],"collection":[{"href":"https:\/\/conakrynews.org\/index.php\/wp-json\/wp\/v2\/posts"}],"about":[{"href":"https:\/\/conakrynews.org\/index.php\/wp-json\/wp\/v2\/types\/post"}],"author":[{"embeddable":true,"href":"https:\/\/conakrynews.org\/index.php\/wp-json\/wp\/v2\/users\/2"}],"replies":[{"embeddable":true,"href":"https:\/\/conakrynews.org\/index.php\/wp-json\/wp\/v2\/comments?post=13353"}],"version-history":[{"count":0,"href":"https:\/\/conakrynews.org\/index.php\/wp-json\/wp\/v2\/posts\/13353\/revisions"}],"wp:featuredmedia":[{"embeddable":true,"href":"https:\/\/conakrynews.org\/index.php\/wp-json\/wp\/v2\/media\/13357"}],"wp:attachment":[{"href":"https:\/\/conakrynews.org\/index.php\/wp-json\/wp\/v2\/media?parent=13353"}],"wp:term":[{"taxonomy":"category","embeddable":true,"href":"https:\/\/conakrynews.org\/index.php\/wp-json\/wp\/v2\/categories?post=13353"},{"taxonomy":"post_tag","embeddable":true,"href":"https:\/\/conakrynews.org\/index.php\/wp-json\/wp\/v2\/tags?post=13353"}],"curies":[{"name":"wp","href":"https:\/\/api.w.org\/{rel}","templated":true}]}}