{"id":13381,"date":"2022-06-14T08:00:39","date_gmt":"2022-06-14T08:00:39","guid":{"rendered":"https:\/\/conakrynews.org\/?p=13381"},"modified":"2022-06-14T08:00:39","modified_gmt":"2022-06-14T08:00:39","slug":"neuvieme-forum-africain-sur-le-developpement-durable-au-niger","status":"publish","type":"post","link":"https:\/\/conakrynews.org\/index.php\/neuvieme-forum-africain-sur-le-developpement-durable-au-niger\/","title":{"rendered":"Neuvi\u00e8me Forum africain sur le d\u00e9veloppement durable au Niger"},"content":{"rendered":"<p> Le Niger a \u00e9t\u00e9 retenu par la Commission \u00c9conomique pour l&rsquo;Afrique des Nations Unies (CEA) pour organiser la neuvi\u00e8me session du Forum r\u00e9gional africain sur le d\u00e9veloppement durable (FRADD). Foto: CEA\/Photo de presse\/dpa<br \/>\nNeuvi\u00e8me Forum africain sur le d\u00e9veloppement durable au Niger<br \/>\nguiquo-admin 13 juin 2022 International laisser un commentaire 26 Vues<\/p>\n<p>Le Forum a pour objectif de faire l\u2019\u00e9tat de la mise en \u0153uvre du Programme 2030 des Nations Unies et de l\u2019Agenda 2063 de l\u2019Union Africaine.<\/p>\n<p>Le Niger a \u00e9t\u00e9 retenu par la Commission \u00c9conomique pour l\u2019Afrique des Nations Unies (CEA) pour organiser la neuvi\u00e8me session du Forum r\u00e9gional africain sur le d\u00e9veloppement durable (FRADD) qui se tiendra au cours du premier trimestre de 2023. L\u2019annonce a \u00e9t\u00e9 faite par la pr\u00e9sidence de la R\u00e9publique nig\u00e9rienne qui a pr\u00e9cis\u00e9 que les dossiers de candidature du Niger et d\u2019autres pays avaient \u00e9t\u00e9 soumis \u00e0 la huiti\u00e8me session du FRADD tenue \u00e0 Kigali au Rwanda du 3 au 5 mars 2022. Le FRADD a pour but de \u00ab faire l\u2019\u00e9tat de la mise en \u0153uvre du Programme 2030 des Nations Unies et de l\u2019Agenda 2063 de l\u2019Union Africaine (UA) \u00bb, a indiqu\u00e9 la m\u00eame source sans autres informations sur la neuvi\u00e8me session du Forum.<br \/>\nC\u2019est une rencontre annuelle multipartite organis\u00e9e conjointement par la CEA et le gouvernement du pays h\u00f4te, en collaboration avec la Commission de l\u2019Union africaine, la Banque africaine de d\u00e9veloppement (BAD) et d\u2019autres entit\u00e9s du syst\u00e8me des Nations Unies, a rappel\u00e9 la CEA. Le Forum r\u00e9unit des ministres, des hauts fonctionnaires, des experts et des praticiens des \u00c9tats Membres de l\u2019Organisation des Nations unies (ONU), du secteur priv\u00e9, de la soci\u00e9t\u00e9 civile, du monde universitaire et des organisations du syst\u00e8me des Nations Unies. Il regroupe chaque ann\u00e9e environ 4 000 participants.<\/p>\n<p>La huiti\u00e8me session du FRADD, \u00e0 laquelle ont pris part des participants des 54 \u00c9tats membres de la CEA, a \u00e9t\u00e9 organis\u00e9e sous le th\u00e8me \u00ab Construire un avenir meilleur : Une Afrique verte, inclusive et r\u00e9siliente pr\u00eate \u00e0 r\u00e9aliser l\u2019Agenda 2030 et l\u2019Agenda 2063 \u00bb. La D\u00e9claration de Kigali, \u00e9manant du Forum et d\u00e9clin\u00e9e en 20 points, a appel\u00e9 \u00e0 acc\u00e9l\u00e9rer la r\u00e9alisation des objectifs de d\u00e9veloppement durable, notamment en assurant une reprise verte et inclusive apr\u00e8s la pand\u00e9mie de Covid-19 sur le continent.<\/p>\n<p>Avec dpa-news<\/p>\n","protected":false},"excerpt":{"rendered":"<p>Le Niger a \u00e9t\u00e9 retenu par la Commission \u00c9conomique pour l&rsquo;Afrique des Nations Unies (CEA) pour organiser la neuvi\u00e8me session du Forum r\u00e9gional africain sur le d\u00e9veloppement durable (FRADD). Foto: CEA\/Photo de presse\/dpa Neuvi\u00e8me Forum africain sur le d\u00e9veloppement durable au Niger guiquo-admin 13 juin 2022 International laisser un commentaire 26 Vues Le Forum a [&hellip;]<\/p>\n","protected":false},"author":2,"featured_media":13382,"comment_status":"closed","ping_status":"closed","sticky":false,"template":"","format":"standard","meta":{"footnotes":""},"categories":[57],"tags":[],"class_list":{"0":"post-13381","1":"post","2":"type-post","3":"status-publish","4":"format-standard","5":"has-post-thumbnail","7":"category-politique"},"_links":{"self":[{"href":"https:\/\/conakrynews.org\/index.php\/wp-json\/wp\/v2\/posts\/13381","targetHints":{"allow":["GET"]}}],"collection":[{"href":"https:\/\/conakrynews.org\/index.php\/wp-json\/wp\/v2\/posts"}],"about":[{"href":"https:\/\/conakrynews.org\/index.php\/wp-json\/wp\/v2\/types\/post"}],"author":[{"embeddable":true,"href":"https:\/\/conakrynews.org\/index.php\/wp-json\/wp\/v2\/users\/2"}],"replies":[{"embeddable":true,"href":"https:\/\/conakrynews.org\/index.php\/wp-json\/wp\/v2\/comments?post=13381"}],"version-history":[{"count":0,"href":"https:\/\/conakrynews.org\/index.php\/wp-json\/wp\/v2\/posts\/13381\/revisions"}],"wp:featuredmedia":[{"embeddable":true,"href":"https:\/\/conakrynews.org\/index.php\/wp-json\/wp\/v2\/media\/13382"}],"wp:attachment":[{"href":"https:\/\/conakrynews.org\/index.php\/wp-json\/wp\/v2\/media?parent=13381"}],"wp:term":[{"taxonomy":"category","embeddable":true,"href":"https:\/\/conakrynews.org\/index.php\/wp-json\/wp\/v2\/categories?post=13381"},{"taxonomy":"post_tag","embeddable":true,"href":"https:\/\/conakrynews.org\/index.php\/wp-json\/wp\/v2\/tags?post=13381"}],"curies":[{"name":"wp","href":"https:\/\/api.w.org\/{rel}","templated":true}]}}