{"id":13437,"date":"2022-06-19T08:46:37","date_gmt":"2022-06-19T08:46:37","guid":{"rendered":"https:\/\/conakrynews.org\/?p=13437"},"modified":"2022-06-19T08:46:37","modified_gmt":"2022-06-19T08:46:37","slug":"feguifoot-les-membres-statutaires-souhaitent-connaitre-la-situation-du-mandat-du-conord-declaration","status":"publish","type":"post","link":"https:\/\/conakrynews.org\/index.php\/feguifoot-les-membres-statutaires-souhaitent-connaitre-la-situation-du-mandat-du-conord-declaration\/","title":{"rendered":"FEGUIFOOT: Les membres statutaires souhaitent conna\u00eetre la situation du mandat du CONORD (D\u00e9claration)"},"content":{"rendered":"<p>R\u00e9unis ce samedi 18 juin 2022, dans r\u00e9ceptif h\u00f4telier de la place, les membres statutaires de la feguofoot ont fait une d\u00e9claration dans la quelle ils souhaitent conna\u00eetre la situation du mandat du CONORD.<\/p>\n<p>D\u00e9claration<\/p>\n<p>R\u00e9unis ce samedi 18 juin 2022, \u00e0 Conakry, nous membres statutaires de la f\u00e9d\u00e9ration Guin\u00e9enne de football saluons les mains tendues et le discours rassembleur de madame la pr\u00e9sidente du Comit\u00e9 de normalisation tenu lors de la nuit de remise des troph\u00e9es du football Guin\u00e9en le 11 Juin 2022. Nous la rassurons de notre disponibilit\u00e9 afin de l\u2019aider pour la suite du processus de normalisation.<\/p>\n<p>Conform\u00e9ment au courrier de la FIFA, le mandat du Comit\u00e9 de normalisation doit prendre fin le 30 juin 2022, et nous sommes le 18 aujourd\u2019hui, soit 12 jours avant cette date.<\/p>\n<p>Nous les membres statutaires, avions exprim\u00e9 notre soutien au Comit\u00e9 de normalisation d\u00e8s sa mise en place, et sollicit\u00e9 un cadre d\u2019\u00e9change permanent pour le processus de mise en place du Comit\u00e9 ex\u00e9cutif via une \u00e9lection inclusive, chose qui n\u2019a pas \u00e9t\u00e9 faite jusqu\u2019\u00e0 ce jour.<\/p>\n<p>C\u2019est pour cela que nous avons jug\u00e9 n\u00e9cessaire, d\u2019envoyer des repr\u00e9sentants vers la FIFA \u00e0 Zurich mais aussi vers le CONOR.<\/p>\n<p>Nous r\u00e9it\u00e9rons notre position et souhaiterions que les mains tendues de la Pr\u00e9sidente du CONOR soient suivies d\u2019actes qui aboutiront \u00e0 la mise en place d\u2019une F\u00e9d\u00e9ration Guin\u00e9enne de Football \u00e9lu par nous les membres statutaires avant la saison sportive 2022-2023 qui d\u00e9bute courant Septembre.<\/p>\n<p>Nous vous remercions de votre attention.<\/p>\n<p>Guin\u00e9equotidien.com<\/p>\n","protected":false},"excerpt":{"rendered":"<p>R\u00e9unis ce samedi 18 juin 2022, dans r\u00e9ceptif h\u00f4telier de la place, les membres statutaires de la feguofoot ont fait une d\u00e9claration dans la quelle ils souhaitent conna\u00eetre la situation du mandat du CONORD. D\u00e9claration R\u00e9unis ce samedi 18 juin 2022, \u00e0 Conakry, nous membres statutaires de la f\u00e9d\u00e9ration Guin\u00e9enne de football saluons les mains [&hellip;]<\/p>\n","protected":false},"author":2,"featured_media":13438,"comment_status":"closed","ping_status":"closed","sticky":false,"template":"","format":"standard","meta":{"footnotes":""},"categories":[64],"tags":[],"class_list":{"0":"post-13437","1":"post","2":"type-post","3":"status-publish","4":"format-standard","5":"has-post-thumbnail","7":"category-sport"},"_links":{"self":[{"href":"https:\/\/conakrynews.org\/index.php\/wp-json\/wp\/v2\/posts\/13437","targetHints":{"allow":["GET"]}}],"collection":[{"href":"https:\/\/conakrynews.org\/index.php\/wp-json\/wp\/v2\/posts"}],"about":[{"href":"https:\/\/conakrynews.org\/index.php\/wp-json\/wp\/v2\/types\/post"}],"author":[{"embeddable":true,"href":"https:\/\/conakrynews.org\/index.php\/wp-json\/wp\/v2\/users\/2"}],"replies":[{"embeddable":true,"href":"https:\/\/conakrynews.org\/index.php\/wp-json\/wp\/v2\/comments?post=13437"}],"version-history":[{"count":0,"href":"https:\/\/conakrynews.org\/index.php\/wp-json\/wp\/v2\/posts\/13437\/revisions"}],"wp:featuredmedia":[{"embeddable":true,"href":"https:\/\/conakrynews.org\/index.php\/wp-json\/wp\/v2\/media\/13438"}],"wp:attachment":[{"href":"https:\/\/conakrynews.org\/index.php\/wp-json\/wp\/v2\/media?parent=13437"}],"wp:term":[{"taxonomy":"category","embeddable":true,"href":"https:\/\/conakrynews.org\/index.php\/wp-json\/wp\/v2\/categories?post=13437"},{"taxonomy":"post_tag","embeddable":true,"href":"https:\/\/conakrynews.org\/index.php\/wp-json\/wp\/v2\/tags?post=13437"}],"curies":[{"name":"wp","href":"https:\/\/api.w.org\/{rel}","templated":true}]}}