{"id":13445,"date":"2022-06-19T17:34:47","date_gmt":"2022-06-19T17:34:47","guid":{"rendered":"https:\/\/conakrynews.org\/?p=13445"},"modified":"2022-06-19T17:34:47","modified_gmt":"2022-06-19T17:34:47","slug":"manifestation-du-fndc-je-ne-suis-pas-favorable-a-une-manifestation-de-rue-se-desolidarise-bouna-keita","status":"publish","type":"post","link":"https:\/\/conakrynews.org\/index.php\/manifestation-du-fndc-je-ne-suis-pas-favorable-a-une-manifestation-de-rue-se-desolidarise-bouna-keita\/","title":{"rendered":"Manifestation du FNDC : \u00ab\u00a0Je ne suis pas favorable \u00e0 une manifestation de rue\u00a0\u00bb, se d\u00e9solidarise  Bouna Keita"},"content":{"rendered":"<p>Honorable Bouna Keita est pr\u00e9sident du Rassemblement pour une Guin\u00e9e Prosp\u00e8re (RGP). Dans son bureau au centre ville de Kaloum, sous le regard de ses proches, le politique doubl\u00e9 d&rsquo;hommes d&rsquo;affaires  a volontairement r\u00e9pondu \u00e0 nos questions. Il s&rsquo;est cat\u00e9goriquement oppos\u00e9 \u00e0 la manifestation du Front National pour la D\u00e9fense de la Constitution ( FNDC) programm\u00e9 le 23 juin prochain \u00e0 Conakry.<\/p>\n<p>Honorable Bouna Keita, quel est votre regard sur la situation politique actuelle du pays surtout la manifestation du FNDC programm\u00e9 le 23 juin prochain ? <\/p>\n<p>Merci pour la question. Je vous dirai que depuis que j&rsquo;ai commenc\u00e9 la politique en 1993 j&rsquo;ai \u00e9t\u00e9 candidat aux \u00e9lections. Ceux  qui se pr\u00e9sentent aujourd&rsquo;hui comme des candidats aux diff\u00e9rentes \u00e9lections,  ils \u00e9taient tous des commis  de l&rsquo;Etat. <\/p>\n<p>Mais revenons \u00e0 la manifestation projet\u00e9e par le FNDC. Qu&rsquo;est-ce la rue a donn\u00e9 en termes de manifestations  dans notre pays sinon que de cons\u00e9quences f\u00e2cheuses, de pillage, de vandalisme, des bless\u00e9s et des morts? <\/p>\n<p> Au temps de Sekou Tour\u00e9 il n&rsquo;y avait pas de manifestations. Au temps  temps du feu g\u00e9n\u00e9ral Lansana Cont\u00e9,  les syndicalistes ont men\u00e9 des manifestations de rue, mais ces manifestations n&rsquo;ont pas abouti sans faire des morts.<\/p>\n<p>Les marches pacifiques en Guin\u00e9e ont entrain\u00e9 toujours des morts d&rsquo;hommes. Alors je vous dis concr\u00e8tement que je ne suis pas pour la gr\u00e8ve ou la manifestation programm\u00e9e.<\/p>\n<p> Je demande aux leaders politiques de venir  au tour de la table de n\u00e9gociation pour r\u00e9gler nos probl\u00e8mes. <\/p>\n<p>S&rsquo;il y a un probl\u00e8me dans notre pays nul ne peut r\u00e9gler  nos probl\u00e8mes si ce n&rsquo;est pas nous les Guin\u00e9ens parce que la Guin\u00e9e a aid\u00e9 beaucoup de pays dans les situations difficile. Il s&rsquo;agit de l&rsquo;Angola, Guin\u00e9e Bissau, le Lib\u00e9ria, la Siera L\u00e9one etc.<br \/>\n Le guin\u00e9en est fier d&rsquo;\u00eatre guin\u00e9en alors, continuons sur cette voie de fiert\u00e9.<\/p>\n<p>Quand il y a la gr\u00e8ve, les activit\u00e9s \u00e9conomiques des  commer\u00e7ants sont bloqu\u00e9es, des femmes qui se trouvent dans les march\u00e9s seront impact\u00e9es. <\/p>\n<p>Bien s\u00fbr que la manifestation est un droit mais \u00e0 l&rsquo;heure actuelle o\u00f9 nous sommes je ne suis pas favorable aux manifestations de rues. <\/p>\n<p>Si nous avons demand\u00e9 le changement, Nous avons demand\u00e9 la refondation de l&rsquo;Etat, il faut un recensement de la population chose qui demande du temps parce que la Guin\u00e9e a 6 mois de saisons pluvieuses  et 6 six mois de saisons s\u00e8ches. Qui va sortir sous la pluie pour aller recenser? Je pense qu&rsquo;il faut une dose de patience pour aider les autorit\u00e9s de la transition a faire le travail afin qu&rsquo;on sorte dans les conditions normales \u00e0 cette transition.<\/p>\n<p>Sylla Ibrahima Kalil, pour www.conakrynews.org 625444534<\/p>\n","protected":false},"excerpt":{"rendered":"<p>Honorable Bouna Keita est pr\u00e9sident du Rassemblement pour une Guin\u00e9e Prosp\u00e8re (RGP). Dans son bureau au centre ville de Kaloum, sous le regard de ses proches, le politique doubl\u00e9 d&rsquo;hommes d&rsquo;affaires a volontairement r\u00e9pondu \u00e0 nos questions. Il s&rsquo;est cat\u00e9goriquement oppos\u00e9 \u00e0 la manifestation du Front National pour la D\u00e9fense de la Constitution ( FNDC) [&hellip;]<\/p>\n","protected":false},"author":2,"featured_media":13446,"comment_status":"closed","ping_status":"closed","sticky":false,"template":"","format":"standard","meta":{"footnotes":""},"categories":[57],"tags":[],"class_list":{"0":"post-13445","1":"post","2":"type-post","3":"status-publish","4":"format-standard","5":"has-post-thumbnail","7":"category-politique"},"_links":{"self":[{"href":"https:\/\/conakrynews.org\/index.php\/wp-json\/wp\/v2\/posts\/13445","targetHints":{"allow":["GET"]}}],"collection":[{"href":"https:\/\/conakrynews.org\/index.php\/wp-json\/wp\/v2\/posts"}],"about":[{"href":"https:\/\/conakrynews.org\/index.php\/wp-json\/wp\/v2\/types\/post"}],"author":[{"embeddable":true,"href":"https:\/\/conakrynews.org\/index.php\/wp-json\/wp\/v2\/users\/2"}],"replies":[{"embeddable":true,"href":"https:\/\/conakrynews.org\/index.php\/wp-json\/wp\/v2\/comments?post=13445"}],"version-history":[{"count":0,"href":"https:\/\/conakrynews.org\/index.php\/wp-json\/wp\/v2\/posts\/13445\/revisions"}],"wp:featuredmedia":[{"embeddable":true,"href":"https:\/\/conakrynews.org\/index.php\/wp-json\/wp\/v2\/media\/13446"}],"wp:attachment":[{"href":"https:\/\/conakrynews.org\/index.php\/wp-json\/wp\/v2\/media?parent=13445"}],"wp:term":[{"taxonomy":"category","embeddable":true,"href":"https:\/\/conakrynews.org\/index.php\/wp-json\/wp\/v2\/categories?post=13445"},{"taxonomy":"post_tag","embeddable":true,"href":"https:\/\/conakrynews.org\/index.php\/wp-json\/wp\/v2\/tags?post=13445"}],"curies":[{"name":"wp","href":"https:\/\/api.w.org\/{rel}","templated":true}]}}