{"id":13459,"date":"2022-06-20T09:50:55","date_gmt":"2022-06-20T09:50:55","guid":{"rendered":"https:\/\/conakrynews.org\/?p=13459"},"modified":"2022-06-20T09:51:22","modified_gmt":"2022-06-20T09:51:22","slug":"mali-un-casque-bleu-guineen-tue-dans-lexplosion-dune-mine-a-kidal","status":"publish","type":"post","link":"https:\/\/conakrynews.org\/index.php\/mali-un-casque-bleu-guineen-tue-dans-lexplosion-dune-mine-a-kidal\/","title":{"rendered":"Mali : un Casque bleu guin\u00e9en tu\u00e9 dans l\u2019explosion d\u2019une mine \u00e0 Kidal"},"content":{"rendered":"<p>Un casque bleu de la mission des Nations unies au Mali a \u00e9t\u00e9 tu\u00e9, dimanche 19 juin, dans l\u2019explosion d\u2019une mine \u00e0 Kidal, alors qu\u2019il participait \u00e0 une patrouille, a annonc\u00e9 le chef de la Minusma sur son compte Twitter.<\/p>\n<p>Le casque bleu faisait partie du contingent guin\u00e9en de la Minusma, a pr\u00e9cis\u00e9 un responsable de la mission sous le couvert d\u2019anonymat. \u00ab Il a d\u2019abord \u00e9t\u00e9 bless\u00e9 et a succomb\u00e9 \u00e0 ses blessures \u00e0 notre h\u00f4pital de Kidal \u00bb, a-t-il pr\u00e9cis\u00e9.<\/p>\n<p>Ce nouveau d\u00e9c\u00e8s intervient dans un contexte tendu de n\u00e9gociations sur le renouvellement du mandat de la Minusma, la mission de maintien de la paix de l\u2019ONU ayant subi le plus de pertes humaines. Au total, 175 de ses casques bleus sont morts.<\/p>\n<p>Avec franceinfo<\/p>\n","protected":false},"excerpt":{"rendered":"<p>Un casque bleu de la mission des Nations unies au Mali a \u00e9t\u00e9 tu\u00e9, dimanche 19 juin, dans l\u2019explosion d\u2019une mine \u00e0 Kidal, alors qu\u2019il participait \u00e0 une patrouille, a annonc\u00e9 le chef de la Minusma sur son compte Twitter. Le casque bleu faisait partie du contingent guin\u00e9en de la Minusma, a pr\u00e9cis\u00e9 un responsable [&hellip;]<\/p>\n","protected":false},"author":2,"featured_media":13460,"comment_status":"closed","ping_status":"closed","sticky":false,"template":"","format":"standard","meta":{"footnotes":""},"categories":[58],"tags":[],"class_list":{"0":"post-13459","1":"post","2":"type-post","3":"status-publish","4":"format-standard","5":"has-post-thumbnail","7":"category-societe"},"_links":{"self":[{"href":"https:\/\/conakrynews.org\/index.php\/wp-json\/wp\/v2\/posts\/13459","targetHints":{"allow":["GET"]}}],"collection":[{"href":"https:\/\/conakrynews.org\/index.php\/wp-json\/wp\/v2\/posts"}],"about":[{"href":"https:\/\/conakrynews.org\/index.php\/wp-json\/wp\/v2\/types\/post"}],"author":[{"embeddable":true,"href":"https:\/\/conakrynews.org\/index.php\/wp-json\/wp\/v2\/users\/2"}],"replies":[{"embeddable":true,"href":"https:\/\/conakrynews.org\/index.php\/wp-json\/wp\/v2\/comments?post=13459"}],"version-history":[{"count":0,"href":"https:\/\/conakrynews.org\/index.php\/wp-json\/wp\/v2\/posts\/13459\/revisions"}],"wp:featuredmedia":[{"embeddable":true,"href":"https:\/\/conakrynews.org\/index.php\/wp-json\/wp\/v2\/media\/13460"}],"wp:attachment":[{"href":"https:\/\/conakrynews.org\/index.php\/wp-json\/wp\/v2\/media?parent=13459"}],"wp:term":[{"taxonomy":"category","embeddable":true,"href":"https:\/\/conakrynews.org\/index.php\/wp-json\/wp\/v2\/categories?post=13459"},{"taxonomy":"post_tag","embeddable":true,"href":"https:\/\/conakrynews.org\/index.php\/wp-json\/wp\/v2\/tags?post=13459"}],"curies":[{"name":"wp","href":"https:\/\/api.w.org\/{rel}","templated":true}]}}