{"id":13483,"date":"2022-06-21T14:26:31","date_gmt":"2022-06-21T14:26:31","guid":{"rendered":"https:\/\/conakrynews.org\/?p=13483"},"modified":"2022-06-21T14:26:31","modified_gmt":"2022-06-21T14:26:31","slug":"rdc-la-depouille-de-patrice-lumumba-remise-officiellement-a-sa-famille-par-la-justice-belge","status":"publish","type":"post","link":"https:\/\/conakrynews.org\/index.php\/rdc-la-depouille-de-patrice-lumumba-remise-officiellement-a-sa-famille-par-la-justice-belge\/","title":{"rendered":"RDC: la d\u00e9pouille de Patrice Lumumba remise officiellement \u00e0 sa famille par la justice belge"},"content":{"rendered":"<p>La d\u00e9pouille de Patrice Lumumba dans un cercueil avec le drapeau congolais sur le parvis du palais d\u2019Edgemont \u00e0 Bruxelles. Le 20 juin 2022.<br \/>\nLa d\u00e9pouille de Patrice Lumumba dans un cercueil avec le drapeau congolais sur le parvis du palais d\u2019Edgemont \u00e0 Bruxelles.<\/p>\n<p>Ce lundi 20 juin 2022, plus de 61 ans apr\u00e8s sa mort, la d\u00e9pouille de Patrice Lumumba, le Premier ministre congolais, a \u00e9t\u00e9 restitu\u00e9e \u00e0 sa famille et \u00e0 son pays. Il s\u2019agit d\u2019une dent conserv\u00e9e toutes ces ann\u00e9es par l&rsquo;un des policiers belges qui avaient \u00e9t\u00e9 charg\u00e9s de faire dispara\u00eetre toute trace du h\u00e9ros national.<\/p>\n<p>Avec nos envoy\u00e9s sp\u00e9ciaux \u00e0 Bruxelles,<\/p>\n<p>La c\u00e9r\u00e9monie s\u2019est d\u00e9roul\u00e9e en pr\u00e9sence de la famille de Patrice Lumumba, mais aussi des autorit\u00e9s belges et congolaises. Elle a \u00e9t\u00e9 marqu\u00e9e par le discours du Premier ministre belge. Alexander de Croo, devant la famille de Patrice Lumumba a \u00ab r\u00e9it\u00e9r\u00e9 les excuses du gouvernement \u00bb. Des excuses d\u00e9j\u00e0 pr\u00e9sent\u00e9es en 2002 par Louis Michel, \u00e0 l\u2019\u00e9poque chef de la diplomatie belge. Alexander de Croo a cette fois \u00e9voqu\u00e9 les regrets et la responsabilit\u00e9 morale des dirigeants belges dans cet assassinat.<\/p>\n<p>\u00ab Un homme a \u00e9t\u00e9 assassin\u00e9 pour ses convictions politiques, ses propos, son id\u00e9al. Pour le d\u00e9mocrate que je suis, c&rsquo;est ind\u00e9fendable, pour le lib\u00e9ral que je suis, c&rsquo;est inacceptable. Et pour l&rsquo;humain que je suis, c&rsquo;est odieux \u00bb, a ajout\u00e9 le chef du gouvernement qui a r\u00e9p\u00e9t\u00e9 plusieurs fois, dans une anaphore, que cette restitution \u00e9tait bien trop tardive.<\/p>\n<p>\u00ab L&rsquo;Afrique c\u00e9l\u00e8bre le retour d&rsquo;un fils \u00bb<br \/>\nEnsuite, le Premier ministre congolais, Jean-Michel Sama Lukonde a pris la parole pour saluer \u00ab Lumumba, notre h\u00e9ros national \u00bb, ajoutant que la date du 20 juin 2022 \u00ab entre dans les annales de l\u2019Histoire. C\u2019est tout un continent, l&rsquo;Afrique, qui c\u00e9l\u00e8bre le retour de l\u2019un de ses dignes fils \u00bb.<\/p>\n<p>\u25ba \u00c0 lire aussi : Patrice Lumumba, comment l&rsquo;Occident s&rsquo;est fabriqu\u00e9 un ennemi<\/p>\n<p>Suivez toute l&rsquo;actualit\u00e9 internationale en t\u00e9l\u00e9chargeant l&rsquo;application RFI<\/p>\n<p>Avant les discours, les regards \u00e9taient surtout tourn\u00e9s vers les enfants de Patrice Lumumba, Juliana, Roland et Fran\u00e7ois. C\u2019est \u00e0 eux que la justice belge, par la main du chef du parquet f\u00e9d\u00e9ral, Fr\u00e9d\u00e9ric Van Leeuw, a remis la d\u00e9pouille de leur p\u00e8re lors d\u2019une c\u00e9r\u00e9monie intime, priv\u00e9e, \u00e0 laquelle une vingtaine de personnes ont assist\u00e9. \u00ab Je vous remercie pour les d\u00e9marches judiciaires que vous avez entreprises, parce que sans ces d\u00e9marches, on n\u2019en serait pas l\u00e0 aujourd\u2019hui. Cela a permis \u00e0 la justice de notre pays de pouvoir avancer \u00bb, a d\u00e9clar\u00e9 Fr\u00e9d\u00e9ric Van Leeuw.<\/p>\n<p>Un moment important pour Juliana Lumumba : \u00ab Notre p\u00e8re est un homme public, mais nous souhaiterions dans cette partie intime juste que l\u2019on dise \u201cPapa\u201d, apr\u00e8s c\u2019est le h\u00e9ros national et le Premier ministre. \u00bb La fille du h\u00e9ros de l\u2019ind\u00e9pendance congolaise a aussi tenu remercier le roi Philippe, qu\u2019elle avait rencontr\u00e9 en d\u00e9but de matin\u00e9e avec ses fr\u00e8res. Elle a aussi salu\u00e9 l\u2019action du gouvernement belge et a adress\u00e9 son infinie gratitude au pr\u00e9sident congolais, F\u00e9lix Tshisekedi.<\/p>\n<p>La fille du natif d\u2019Onalua a, en ce jour historique, \u00e9galement \u00e9mis un souhait \u00ab que soit mis \u00e0 l\u2019honneur l\u2019essentiel de ce qu\u2019incarne Patrice Lumumba \u00bb. \u00c0 savoir, a-t-elle notamment \u00e9num\u00e9r\u00e9 : \u00ab Le d\u00e9sint\u00e9ressement et le patriotisme dans la gestion de la chose publique, le sens de l\u2019int\u00e9r\u00eat g\u00e9n\u00e9ral dans la conduite des affaires de l\u2019\u00c9tat, la droiture et l\u2019obsession de l\u2019unit\u00e9 nationale. \u00bb<\/p>\n<p>La d\u00e9pouille de Patrice Lumumba, contenue dans un coffret bleu vif, a ensuite \u00e9t\u00e9 mise dans un cercueil de bois sombre qui a \u00e9t\u00e9 conduit \u00e0 l\u2019ambassade de RDC, premi\u00e8re \u00e9tape de son retour en terre congolaise.<\/p>\n","protected":false},"excerpt":{"rendered":"<p>La d\u00e9pouille de Patrice Lumumba dans un cercueil avec le drapeau congolais sur le parvis du palais d\u2019Edgemont \u00e0 Bruxelles. Le 20 juin 2022. La d\u00e9pouille de Patrice Lumumba dans un cercueil avec le drapeau congolais sur le parvis du palais d\u2019Edgemont \u00e0 Bruxelles. Ce lundi 20 juin 2022, plus de 61 ans apr\u00e8s sa [&hellip;]<\/p>\n","protected":false},"author":2,"featured_media":13484,"comment_status":"closed","ping_status":"closed","sticky":false,"template":"","format":"standard","meta":{"footnotes":""},"categories":[58],"tags":[],"class_list":{"0":"post-13483","1":"post","2":"type-post","3":"status-publish","4":"format-standard","5":"has-post-thumbnail","7":"category-societe"},"_links":{"self":[{"href":"https:\/\/conakrynews.org\/index.php\/wp-json\/wp\/v2\/posts\/13483","targetHints":{"allow":["GET"]}}],"collection":[{"href":"https:\/\/conakrynews.org\/index.php\/wp-json\/wp\/v2\/posts"}],"about":[{"href":"https:\/\/conakrynews.org\/index.php\/wp-json\/wp\/v2\/types\/post"}],"author":[{"embeddable":true,"href":"https:\/\/conakrynews.org\/index.php\/wp-json\/wp\/v2\/users\/2"}],"replies":[{"embeddable":true,"href":"https:\/\/conakrynews.org\/index.php\/wp-json\/wp\/v2\/comments?post=13483"}],"version-history":[{"count":0,"href":"https:\/\/conakrynews.org\/index.php\/wp-json\/wp\/v2\/posts\/13483\/revisions"}],"wp:featuredmedia":[{"embeddable":true,"href":"https:\/\/conakrynews.org\/index.php\/wp-json\/wp\/v2\/media\/13484"}],"wp:attachment":[{"href":"https:\/\/conakrynews.org\/index.php\/wp-json\/wp\/v2\/media?parent=13483"}],"wp:term":[{"taxonomy":"category","embeddable":true,"href":"https:\/\/conakrynews.org\/index.php\/wp-json\/wp\/v2\/categories?post=13483"},{"taxonomy":"post_tag","embeddable":true,"href":"https:\/\/conakrynews.org\/index.php\/wp-json\/wp\/v2\/tags?post=13483"}],"curies":[{"name":"wp","href":"https:\/\/api.w.org\/{rel}","templated":true}]}}