{"id":13492,"date":"2022-06-22T11:35:46","date_gmt":"2022-06-22T11:35:46","guid":{"rendered":"https:\/\/conakrynews.org\/?p=13492"},"modified":"2022-06-22T11:35:46","modified_gmt":"2022-06-22T11:35:46","slug":"guinee-appel-au-dialogue-le-premier-ministre-echange-avec-les-23-organisations-communautaires-du-pays","status":"publish","type":"post","link":"https:\/\/conakrynews.org\/index.php\/guinee-appel-au-dialogue-le-premier-ministre-echange-avec-les-23-organisations-communautaires-du-pays\/","title":{"rendered":"Guin\u00e9e\/Appel au dialogue : le Premier ministre \u00e9change avec les 23 organisations communautaires du pays"},"content":{"rendered":"<p>Conakry, 21 juin 2022 \u2013 Apr\u00e8s l\u2019appel au dialogue lanc\u00e9 hier par le Premier ministre Mohamed B\u00e9avogui, les pr\u00e9sidents des 23 organisations communautaires du pays sont re\u00e7us au palais de la Colombe. Ces sages \u00ab interpell\u00e9s par le pr\u00e9sident du CNT \u00bb s\u2019impliquent aupr\u00e8s du chef du Gouvernement dans l\u2019apaisement du climat social en Guin\u00e9e. Accompagn\u00e9s des deux plus hautes autorit\u00e9s religieuses de Guin\u00e9e, ils souhaitent ainsi peser de leur poids dans la mobilisation des acteurs socio-politiques autour de la table du dialogue.<\/p>\n<p>Avec CCG<\/p>\n","protected":false},"excerpt":{"rendered":"<p>Conakry, 21 juin 2022 \u2013 Apr\u00e8s l\u2019appel au dialogue lanc\u00e9 hier par le Premier ministre Mohamed B\u00e9avogui, les pr\u00e9sidents des 23 organisations communautaires du pays sont re\u00e7us au palais de la Colombe. Ces sages \u00ab interpell\u00e9s par le pr\u00e9sident du CNT \u00bb s\u2019impliquent aupr\u00e8s du chef du Gouvernement dans l\u2019apaisement du climat social en Guin\u00e9e. [&hellip;]<\/p>\n","protected":false},"author":2,"featured_media":13493,"comment_status":"closed","ping_status":"closed","sticky":false,"template":"","format":"standard","meta":{"footnotes":""},"categories":[57],"tags":[],"class_list":{"0":"post-13492","1":"post","2":"type-post","3":"status-publish","4":"format-standard","5":"has-post-thumbnail","7":"category-politique"},"_links":{"self":[{"href":"https:\/\/conakrynews.org\/index.php\/wp-json\/wp\/v2\/posts\/13492","targetHints":{"allow":["GET"]}}],"collection":[{"href":"https:\/\/conakrynews.org\/index.php\/wp-json\/wp\/v2\/posts"}],"about":[{"href":"https:\/\/conakrynews.org\/index.php\/wp-json\/wp\/v2\/types\/post"}],"author":[{"embeddable":true,"href":"https:\/\/conakrynews.org\/index.php\/wp-json\/wp\/v2\/users\/2"}],"replies":[{"embeddable":true,"href":"https:\/\/conakrynews.org\/index.php\/wp-json\/wp\/v2\/comments?post=13492"}],"version-history":[{"count":0,"href":"https:\/\/conakrynews.org\/index.php\/wp-json\/wp\/v2\/posts\/13492\/revisions"}],"wp:featuredmedia":[{"embeddable":true,"href":"https:\/\/conakrynews.org\/index.php\/wp-json\/wp\/v2\/media\/13493"}],"wp:attachment":[{"href":"https:\/\/conakrynews.org\/index.php\/wp-json\/wp\/v2\/media?parent=13492"}],"wp:term":[{"taxonomy":"category","embeddable":true,"href":"https:\/\/conakrynews.org\/index.php\/wp-json\/wp\/v2\/categories?post=13492"},{"taxonomy":"post_tag","embeddable":true,"href":"https:\/\/conakrynews.org\/index.php\/wp-json\/wp\/v2\/tags?post=13492"}],"curies":[{"name":"wp","href":"https:\/\/api.w.org\/{rel}","templated":true}]}}