{"id":13498,"date":"2022-06-23T18:01:53","date_gmt":"2022-06-23T18:01:53","guid":{"rendered":"https:\/\/conakrynews.org\/?p=13498"},"modified":"2022-06-23T18:01:53","modified_gmt":"2022-06-23T18:01:53","slug":"guinee-lancement-du-programme-cadre-dappui-a-la-diplomatie-economique-a-lintelligence-strategique-et-a-la-cooperation-internationale","status":"publish","type":"post","link":"https:\/\/conakrynews.org\/index.php\/guinee-lancement-du-programme-cadre-dappui-a-la-diplomatie-economique-a-lintelligence-strategique-et-a-la-cooperation-internationale\/","title":{"rendered":"Guin\u00e9e: Lancement du Programme cadre d\u2019appui \u00e0 la Diplomatie \u00e9conomique, \u00e0 l\u2019intelligence strat\u00e9gique et \u00e0 la Coop\u00e9ration internationale"},"content":{"rendered":"<p>Le Programme cadre d\u2019appui \u00e0 la Diplomatie \u00e9conomique, \u00e0 l\u2019intelligence strat\u00e9gique et \u00e0 la Coop\u00e9ration internationale pour la p\u00e9riode 2022-2025 a \u00e9t\u00e9 officiellement lanc\u00e9 ce Mercredi 23 Juin 2022 \u00e0 l\u2019H\u00f4tel Kaloum. Plusieurs membres du Gouvernement, mobilis\u00e9s autour du Ministre des Affaires \u00e9trang\u00e8res, de la Coop\u00e9ration internationale, de l\u2019int\u00e9gration africaine et des Guin\u00e9ens de l\u2019Etranger, Dr Morissanda Kouyate ainsi que plusieurs ambassadeurs et repr\u00e9sentants d\u2019institutions internationales et le Repr\u00e9sentant r\u00e9sident du PNUD en Guin\u00e9e, M. Luc Jo\u00ebl Gr\u00e9goire et le Repr\u00e9sentant de la BAD, M. Leandre Bassol\u00e9, ont particip\u00e9 \u00e0 l\u2019\u00e9v\u00e9nement.<\/p>\n<p>Premier du genre et fruit du partenariat strat\u00e9gique entre le Minist\u00e8re des Affaires \u00e9trang\u00e8res et le PNUD, ce Programme cadre vise \u00e0 mobiliser l\u2019ensemble des secteurs de la vie \u00e9conomique du Pays y compris ceux de la diaspora, afin de renforcer la place \u00e9conomique, financi\u00e8re et commerciale de la Guin\u00e9e sur la sc\u00e8ne internationale \u00e0 travers une diversification de la coop\u00e9ration internationale et une diplomatie \u00e9conomique de r\u00e9f\u00e9rence adoss\u00e9e \u00e0 une politique avant-gardiste d\u2019intelligence strat\u00e9gique et \u00e9conomique. C\u2019est le Ministre des Affaires \u00e9trang\u00e8res et le Repr\u00e9sentant r\u00e9sident du PNUD qui ont sign\u00e9 ce document strat\u00e9gique qui r\u00e9pond \u00e0 la fois \u00e0 l\u2019exigence de refondation de l\u2019Etat engag\u00e9e par la transition en cours et \u00e0 la n\u00e9cessit\u00e9 de poser les bases de la transformation structurelle de la diplomatie guin\u00e9enne.<\/p>\n<p>Deux Discours majeurs ont marqu\u00e9 la lancement de ce Programme cadre hautement strat\u00e9gique avant la c\u00e9r\u00e9monie de signature :<\/p>\n<p>Le Repr\u00e9sentant r\u00e9sident du PNUD, M. Luc Jo\u00ebl Gr\u00e9goire d\u00e9clare que le lancement de ce Programme cadre est l\u2019aboutissement d\u2019un long processus qui a permis \u00e0 la Guin\u00e9e de mesurer l\u2019ampleur des d\u00e9fis \u00e0 relever pour moderniser son outil diplomatique et revivifier sa coop\u00e9ration internationale et Sud-Sud. C\u2019est pourquoi, le PNUD s\u2019est r\u00e9solument engag\u00e9 \u00e0 apporter son concours pour renforcer les outils de la coop\u00e9ration internationale et de l\u2019int\u00e9gration africaine, de la mobilisation de la diaspora et de son capital humain, sans oublier la modernisation des m\u00e9thodes de travail et le renforcement des capacit\u00e9s humaines et institutionnelles de votre minist\u00e8re. Permettez-moi alors,  de saisir l\u2019opportunit\u00e9 du lancement de ce programme Cadre qui nous r\u00e9unit ce matin,  pour f\u00e9liciter le Gouvernement et saluer le leadership et l\u2019engagement personnel du Ministre des Affaires Etrang\u00e8res, de la Coop\u00e9ration Internationale, de l\u2019Int\u00e9gration Africaine et des Guin\u00e9ens de l\u2019Etranger qui ont permis l\u2019aboutissement et la mise en route de ce programme ambitieux qui vise la valorisation de la diplomatie \u00e9conomique et de l\u2019intelligence strat\u00e9gique et la consolidation des acquis l\u2019action diplomatique guin\u00e9enne.<\/p>\n<p>Ce Programme cadre  va tourner autour de 5 piliers essentiels qui ont \u00e9t\u00e9 pr\u00e9sent\u00e9s par M. Mohamed Dabo,  le Coordonnateur. Il s\u2019agit de :<\/p>\n<p>La Valorisation de la diplomatie \u00e9conomique ;<br \/>\nLe Renforcement de l\u2019intelligence \u00e9conomique et strat\u00e9gique ;<br \/>\nLa Mobilisation de la diaspora pour am\u00e9liorer sa contribution au d\u00e9veloppement \u00e9conomique de notre pays ;<br \/>\nLe Renforcement des capacit\u00e9s humaines et institutionnelles du d\u00e9partement ;<br \/>\nLe Renforcement de la coop\u00e9ration internationale et de l\u2019int\u00e9gration africaine.<br \/>\nPour le Ministre des Affaires Etrang\u00e8res : Ce programme vise \u00e0 renforcer les capacit\u00e9s du Pays, en dotant l\u2019appareil diplomatique des outils et moyens qui lui permettront de relever les d\u00e9fis de d\u00e9veloppement de sa diplomatie \u00e9conomique, de son positionnement strat\u00e9gique \u00e0 l\u2019\u00e9chelle internationale, de mobilisation de sa diaspora et de contribuer de mani\u00e8re significative aux imp\u00e9ratifs de refondation engag\u00e9s par le Gouvernement de transition. J\u2019adresse ainsi ma reconnaissance et mes remerciements aux partenaires techniques et financiers en Guin\u00e9e, au Syst\u00e8me des Nations Unies et particuli\u00e8rement au PNUD et \u00e0 mon cher Ami Luc Gr\u00e9goire pour son engagement et la contribution de qualit\u00e9 de son institution qui ont permis l\u2019\u00e9laboration de ce programme cadre. Je les invite tous \u00e0 s\u2019impliquer activement et efficacement dans la mise en \u0153uvre de cet important programme de refondation de la diplomatie guin\u00e9enne<\/p>\n<p>Avec PNUD-Guin\u00e9e<\/p>\n","protected":false},"excerpt":{"rendered":"<p>Le Programme cadre d\u2019appui \u00e0 la Diplomatie \u00e9conomique, \u00e0 l\u2019intelligence strat\u00e9gique et \u00e0 la Coop\u00e9ration internationale pour la p\u00e9riode 2022-2025 a \u00e9t\u00e9 officiellement lanc\u00e9 ce Mercredi 23 Juin 2022 \u00e0 l\u2019H\u00f4tel Kaloum. Plusieurs membres du Gouvernement, mobilis\u00e9s autour du Ministre des Affaires \u00e9trang\u00e8res, de la Coop\u00e9ration internationale, de l\u2019int\u00e9gration africaine et des Guin\u00e9ens de l\u2019Etranger, [&hellip;]<\/p>\n","protected":false},"author":2,"featured_media":13499,"comment_status":"closed","ping_status":"closed","sticky":false,"template":"","format":"standard","meta":{"footnotes":""},"categories":[57],"tags":[],"class_list":{"0":"post-13498","1":"post","2":"type-post","3":"status-publish","4":"format-standard","5":"has-post-thumbnail","7":"category-politique"},"_links":{"self":[{"href":"https:\/\/conakrynews.org\/index.php\/wp-json\/wp\/v2\/posts\/13498","targetHints":{"allow":["GET"]}}],"collection":[{"href":"https:\/\/conakrynews.org\/index.php\/wp-json\/wp\/v2\/posts"}],"about":[{"href":"https:\/\/conakrynews.org\/index.php\/wp-json\/wp\/v2\/types\/post"}],"author":[{"embeddable":true,"href":"https:\/\/conakrynews.org\/index.php\/wp-json\/wp\/v2\/users\/2"}],"replies":[{"embeddable":true,"href":"https:\/\/conakrynews.org\/index.php\/wp-json\/wp\/v2\/comments?post=13498"}],"version-history":[{"count":0,"href":"https:\/\/conakrynews.org\/index.php\/wp-json\/wp\/v2\/posts\/13498\/revisions"}],"wp:featuredmedia":[{"embeddable":true,"href":"https:\/\/conakrynews.org\/index.php\/wp-json\/wp\/v2\/media\/13499"}],"wp:attachment":[{"href":"https:\/\/conakrynews.org\/index.php\/wp-json\/wp\/v2\/media?parent=13498"}],"wp:term":[{"taxonomy":"category","embeddable":true,"href":"https:\/\/conakrynews.org\/index.php\/wp-json\/wp\/v2\/categories?post=13498"},{"taxonomy":"post_tag","embeddable":true,"href":"https:\/\/conakrynews.org\/index.php\/wp-json\/wp\/v2\/tags?post=13498"}],"curies":[{"name":"wp","href":"https:\/\/api.w.org\/{rel}","templated":true}]}}