{"id":13507,"date":"2022-06-24T13:02:36","date_gmt":"2022-06-24T13:02:36","guid":{"rendered":"https:\/\/conakrynews.org\/?p=13507"},"modified":"2022-06-24T13:10:37","modified_gmt":"2022-06-24T13:10:37","slug":"developpement-durable-les-rideaux-sont-tombes-sur-les-travaux-de-la-1ere-edition-de-green-guinee","status":"publish","type":"post","link":"https:\/\/conakrynews.org\/index.php\/developpement-durable-les-rideaux-sont-tombes-sur-les-travaux-de-la-1ere-edition-de-green-guinee\/","title":{"rendered":"D\u00e9veloppement durable : les rideaux sont tomb\u00e9s sur les travaux de la 1\u00e8re \u00e9dition de Green Guin\u00e9e"},"content":{"rendered":"<p>Dans le cadre de la protection environnementale dans les zones mini\u00e8res en R\u00e9publique de Guin\u00e9e, l\u2019ensemble des parties prenantes ont \u00e9changer les 22 et 23 juin 2022 \u00e0 Conakry, autour d\u2019un forum portant sur la verdir de l\u2019\u00e9conomie du pays afin la rendre plus durable.<br \/>\nCette rencontre organis\u00e9e par le minist\u00e8re de l\u2019environnement et du d\u00e9veloppement durable en collaboration avec Green Guin\u00e9e et le Comit\u00e9 21 Guin\u00e9e, s\u2019inscrit dans le cadre \u00e0 contribuer \u00e0 la dynamisation d\u2019un dialogue permanent entre les pouvoirs publics, le secteur priv\u00e9, les populations et la soci\u00e9t\u00e9 civile.<br \/>\nDans son intervention, le Pr\u00e9sident du comit\u00e9 et initiateur, Mohamed Bang\u2019s Bangoura a fait savoir ceci:<br \/>\n\u00ab L\u2019objectif, c\u2019est de faire en sorte que des acteurs qu\u2019ils soient publics ou de secteurs priv\u00e9s, de la soci\u00e9t\u00e9 civile et d\u2019autres acteurs, puissent continuer \u00e0 \u00e9changer, faire en sorte que leurs activit\u00e9s ne soient pas au d\u00e9triment de la g\u00e9n\u00e9ration future et voir dans quelle mesure, ces activit\u00e9s peuvent cr\u00e9er la valeur au tour de leurs diff\u00e9rents sites sur lesquels ils op\u00e8rent mais \u00e9galement, \u00e0 mettre au pays de jouer son Leadership sur les questions environnementales \u00bb.<br \/>\nPoursuivant, il a pr\u00e9cis\u00e9 que le principal atout ici en Guin\u00e9e, ce sont les ressources naturelles et il faut faire en sorte que ces ressources ne soient pas la seule ressource, il faut qu\u2019elles soient li\u00e9es aux ressources humaines,  techniques, \u00e0 des moyens assez \u00e9lev\u00e9s, pour que ces ressources prennent aux futures g\u00e9n\u00e9rations.<br \/>\n\u00ab Donc, nous pensons avoir \u00e0 mobiliser les deux secteurs, financiers et extractifs et nous donnons rendez-vous aux diff\u00e9rents acteurs, aux dirigeants, aux secteurs priv\u00e9s, aux m\u00e9dias afin que dans les prochains jours, qu\u2019on puisse aller vers eux pour leur pr\u00e9senter les conclusions du colloque initiatif guin\u00e9en \u00e9galement, afin qu\u2019il puisse tenir compte de ses avis , pour orienter davantage la Guin\u00e9e vers le verdissement de son \u00e9conomie \u00bb, a soulign\u00e9 le pr\u00e9sident.<br \/>\nDe son c\u00f4t\u00e9, Isma\u00ebl Diakit\u00e9, pr\u00e9sident de la chambre des mines de Guin\u00e9e affirme :  \u00ab Cette rencontre aide \u00e0  avoir un d\u00e9bat plus anim\u00e9,  r\u00e9aliste,  proche des obligations qui sont les notres, parce que, nous  sommes  des miniers , des acteurs  principaux mais aussi,  d\u2019avoir un d\u00e9bat  qui puisse permettre \u00e0  la fois  au public mais aussi,  des enseignements qui pourraient servir plus tard. C\u2019est  dans ce cadre qu\u2019un rapport sera produit et qui sera pr\u00e9sent\u00e9  au gouvernement,  pour ameliorer le cadre des investissements en Guin\u00e9e afin que  les questions environnentales et soci\u00e9tales soient au c\u0153ur de l\u2019action gouvernemental, au coeur de l\u2019action des investisseurs \u00bb, \u00e0 indiqu\u00e9  M. Diakit\u00e9<\/p>\n<p>Guin\u00e9equotidien.com<\/p>\n","protected":false},"excerpt":{"rendered":"<p>Dans le cadre de la protection environnementale dans les zones mini\u00e8res en R\u00e9publique de Guin\u00e9e, l\u2019ensemble des parties prenantes ont \u00e9changer les 22 et 23 juin 2022 \u00e0 Conakry, autour d\u2019un forum portant sur la verdir de l\u2019\u00e9conomie du pays afin la rendre plus durable. Cette rencontre organis\u00e9e par le minist\u00e8re de l\u2019environnement et du [&hellip;]<\/p>\n","protected":false},"author":2,"featured_media":13510,"comment_status":"closed","ping_status":"closed","sticky":false,"template":"","format":"standard","meta":{"footnotes":""},"categories":[58],"tags":[],"class_list":{"0":"post-13507","1":"post","2":"type-post","3":"status-publish","4":"format-standard","5":"has-post-thumbnail","7":"category-societe"},"_links":{"self":[{"href":"https:\/\/conakrynews.org\/index.php\/wp-json\/wp\/v2\/posts\/13507","targetHints":{"allow":["GET"]}}],"collection":[{"href":"https:\/\/conakrynews.org\/index.php\/wp-json\/wp\/v2\/posts"}],"about":[{"href":"https:\/\/conakrynews.org\/index.php\/wp-json\/wp\/v2\/types\/post"}],"author":[{"embeddable":true,"href":"https:\/\/conakrynews.org\/index.php\/wp-json\/wp\/v2\/users\/2"}],"replies":[{"embeddable":true,"href":"https:\/\/conakrynews.org\/index.php\/wp-json\/wp\/v2\/comments?post=13507"}],"version-history":[{"count":0,"href":"https:\/\/conakrynews.org\/index.php\/wp-json\/wp\/v2\/posts\/13507\/revisions"}],"wp:featuredmedia":[{"embeddable":true,"href":"https:\/\/conakrynews.org\/index.php\/wp-json\/wp\/v2\/media\/13510"}],"wp:attachment":[{"href":"https:\/\/conakrynews.org\/index.php\/wp-json\/wp\/v2\/media?parent=13507"}],"wp:term":[{"taxonomy":"category","embeddable":true,"href":"https:\/\/conakrynews.org\/index.php\/wp-json\/wp\/v2\/categories?post=13507"},{"taxonomy":"post_tag","embeddable":true,"href":"https:\/\/conakrynews.org\/index.php\/wp-json\/wp\/v2\/tags?post=13507"}],"curies":[{"name":"wp","href":"https:\/\/api.w.org\/{rel}","templated":true}]}}