{"id":13523,"date":"2022-06-25T18:53:10","date_gmt":"2022-06-25T18:53:10","guid":{"rendered":"https:\/\/conakrynews.org\/?p=13523"},"modified":"2022-06-25T18:54:14","modified_gmt":"2022-06-25T18:54:14","slug":"transition-et-elections-qui-est-la-nouvelle-directrice-nationale-des-affaires-politiques-et-de-ladministration-electorale-madame-djenabou-toure","status":"publish","type":"post","link":"https:\/\/conakrynews.org\/index.php\/transition-et-elections-qui-est-la-nouvelle-directrice-nationale-des-affaires-politiques-et-de-ladministration-electorale-madame-djenabou-toure\/","title":{"rendered":"TRANSITION ET \u00c9LECTIONS : QUI EST LA NOUVELLE DIRECTRICE NATIONALE DES AFFAIRES POLITIQUES ET DE L&rsquo;ADMINISTRATION \u00c9LECTORALE, MADAME DJ\u00c9NABOU TOUR\u00c9 ?"},"content":{"rendered":"<p>Madame Camara Dj\u00e9nabou Tour\u00e9 vient de b\u00e9n\u00e9ficier de la confiance de Son Excellence Monsieur le Pr\u00e9sident de la Transition et du Ministre de l\u2019Administration du Territoire et de la D\u00e9centralisation qui, \u00e0 travers un d\u00e9cret rendu public sur les ondes des m\u00e9dias d&rsquo;\u00c9tat, le vendredi 24 juin 2022, l&rsquo;ont plac\u00e9e au fa\u00eete de la tr\u00e8s strat\u00e9gique Direction Nationale des Affaires politiques et de l\u2019Administration \u00c9lectorale. <\/p>\n<p>\u00c0 ce poste, Madame Camara Dj\u00e8nabou Tour\u00e9 aura d\u00e9sormais la lourde et redoutable mission de g\u00e9rer les partis politiques et l&rsquo;ensemble du processus \u00e9lectoral pendant la Transition.<\/p>\n<p>\u00c0 pr\u00e9ciser que la nouvelle promue est bien loin d&rsquo;\u00eatre une novice par rapport aux missions adoss\u00e9es \u00e0 son poste. Loin s&rsquo;en faut. Madame Camara Dj\u00e8nabou Tour\u00e9 est une experte \u00e9lectorale, sp\u00e9cialiste des op\u00e9rations \u00e9lectorales et de gestion de fichiers \u00e9lectoraux. Facilitatrice Internationale d\u2019Ateliers et Formatrice en Leadership Transformatrice, elle a une vingtaine d\u2019ann\u00e9es d\u2019exp\u00e9riences en mati\u00e8re d\u2019organisation d&rsquo;\u00e9lections.<\/p>\n<p>Ancienne membre du Haut Conseil aux Affaires \u00c9lectorales en 1998, Conseill\u00e8re Nationale \u00e0 la Commission Nationale \u00c9lectorale CNE en 2002, Membre de la Commission \u00c9lectorale Nationale Autonome en 2005, Vice-pr\u00e9sidente de la Commission Technique \u00c9lectorale en 2010, Directrice Nationale Adjointe de l\u2019Administration \u00c9lectorale, Directrice Adjointe du D\u00e9partement Planification de la CENI en 2012, Directrice Adjointe de la Planification et du Fichier entre 2013 et 2015 et Directrice du D\u00e9partement Fichier \u00c9lectoral entre 2016 et 2021 de la CENI, Madame Camara Dj\u00e8nabou Tour\u00e9 a \u00e9galement particip\u00e9 \u00e0 plusieurs missions d\u2019observations \u00e9lectorales \u00e0 travers l\u2019Afrique et le Monde, mais aussi et surtout \u00e0 une kyrielle de missions d\u2019\u00e9valuation et d\u2019expertise dans la sous-r\u00e9gion ouest-africaine.<\/p>\n<p>Le Colonel-Pr\u00e9sident ne pouvait faire un choix aussi realiste, pertinent et judicieux que celui port\u00e9 sur la charismatique Madame Camara Dj\u00e8nabou Tour\u00e9. Autant dire qu&rsquo;avec l&rsquo;enfant prodige de Kankan Nabaya, ce sont les Guin\u00e9ens et la Guin\u00e9e qui gagnent. <\/p>\n<p>Bon vent \u00e0 notre s\u0153ur Dj\u00e9nabou Tour\u00e9, qui ne jure que par la qualit\u00e9 de son travail, sa sinc\u00e9rit\u00e9, son honn\u00eatet\u00e9, sa franchise, sa probit\u00e9 morale, son quotient intellectuel, son opini\u00e2tret\u00e9, son sens \u00e9lev\u00e9 de responsabilit\u00e9 et de patriotisme. <\/p>\n<p>Mandian SIDIBE, Journaliste<\/p>\n","protected":false},"excerpt":{"rendered":"<p>Madame Camara Dj\u00e9nabou Tour\u00e9 vient de b\u00e9n\u00e9ficier de la confiance de Son Excellence Monsieur le Pr\u00e9sident de la Transition et du Ministre de l\u2019Administration du Territoire et de la D\u00e9centralisation qui, \u00e0 travers un d\u00e9cret rendu public sur les ondes des m\u00e9dias d&rsquo;\u00c9tat, le vendredi 24 juin 2022, l&rsquo;ont plac\u00e9e au fa\u00eete de la tr\u00e8s [&hellip;]<\/p>\n","protected":false},"author":2,"featured_media":0,"comment_status":"closed","ping_status":"closed","sticky":false,"template":"","format":"standard","meta":{"footnotes":""},"categories":[57],"tags":[],"class_list":{"0":"post-13523","1":"post","2":"type-post","3":"status-publish","4":"format-standard","6":"category-politique"},"_links":{"self":[{"href":"https:\/\/conakrynews.org\/index.php\/wp-json\/wp\/v2\/posts\/13523","targetHints":{"allow":["GET"]}}],"collection":[{"href":"https:\/\/conakrynews.org\/index.php\/wp-json\/wp\/v2\/posts"}],"about":[{"href":"https:\/\/conakrynews.org\/index.php\/wp-json\/wp\/v2\/types\/post"}],"author":[{"embeddable":true,"href":"https:\/\/conakrynews.org\/index.php\/wp-json\/wp\/v2\/users\/2"}],"replies":[{"embeddable":true,"href":"https:\/\/conakrynews.org\/index.php\/wp-json\/wp\/v2\/comments?post=13523"}],"version-history":[{"count":0,"href":"https:\/\/conakrynews.org\/index.php\/wp-json\/wp\/v2\/posts\/13523\/revisions"}],"wp:attachment":[{"href":"https:\/\/conakrynews.org\/index.php\/wp-json\/wp\/v2\/media?parent=13523"}],"wp:term":[{"taxonomy":"category","embeddable":true,"href":"https:\/\/conakrynews.org\/index.php\/wp-json\/wp\/v2\/categories?post=13523"},{"taxonomy":"post_tag","embeddable":true,"href":"https:\/\/conakrynews.org\/index.php\/wp-json\/wp\/v2\/tags?post=13523"}],"curies":[{"name":"wp","href":"https:\/\/api.w.org\/{rel}","templated":true}]}}