{"id":13534,"date":"2022-06-26T13:49:00","date_gmt":"2022-06-26T13:49:00","guid":{"rendered":"https:\/\/conakrynews.org\/?p=13534"},"modified":"2022-06-26T13:49:00","modified_gmt":"2022-06-26T13:49:00","slug":"drame-de-melilla-au-moins-23-migrants-morts-madrid-accuse-les-mafias","status":"publish","type":"post","link":"https:\/\/conakrynews.org\/index.php\/drame-de-melilla-au-moins-23-migrants-morts-madrid-accuse-les-mafias\/","title":{"rendered":"Drame de Melilla: au moins 23 migrants morts, Madrid accuse \u00ab les mafias \u00bb"},"content":{"rendered":"<p><img loading=\"lazy\" decoding=\"async\" src=\"https:\/\/conakrynews.org\/wp-content\/uploads\/2022\/06\/62b783a19978e26cc294adb8.jpg\" alt=\"\" width=\"245\" height=\"163\" class=\"alignright size-full wp-image-13535\" \/><img loading=\"lazy\" decoding=\"async\" src=\"https:\/\/conakrynews.org\/wp-content\/uploads\/2022\/06\/62b783a09978e26cc294adb4.jpg\" alt=\"\" width=\"245\" height=\"163\" class=\"alignright size-full wp-image-13536\" \/><\/p>\n<p>Des voix s\u2019\u00e9l\u00e8vent samedi au Maroc pour r\u00e9clamer une enqu\u00eate \u00ab approfondie \u00bb au lendemain de la mort d\u2019au moins 23 migrants lors d\u2019une tentative d\u2019entr\u00e9e massive dans l\u2019enclave espagnole de Melilla, situ\u00e9e en territoire marocain, tandis que l\u2019Espagne a d\u00e9nonc\u00e9 avec force des \u00ab mafias \u00bb et \u00ab une attaque \u00bb contre son \u00ab int\u00e9grit\u00e9 territoriale \u00bb.<\/p>\n<p>\u00ab Nous insistons sur l\u2019ouverture d\u2019une enqu\u00eate approfondie pour \u00e9lucider toutes les circonstances de ce drame \u00bb, a plaid\u00e9 samedi soir Omar Naji, charg\u00e9 du dossier des migrants au sein de l\u2019Association marocaine des droits de l\u2019homme (AMDH) \u00e0 Nador, ville limitrophe de Melilla (nord du Maroc).<\/p>\n<p>\u00ab C\u2019est du jamais vu \u00e0 Nador ou au Maroc en g\u00e9n\u00e9ral \u00bb, a t\u00e9moign\u00e9 M. Naji dans une interview \u00e0 l\u2019AFP, faisant \u00e9tat de 27 morts parmi les migrants originaires d\u2019Afrique subsaharienne. \u00ab Un bilan qui va sans doute s\u2019alourdir au vu de la violence des affrontements \u00bb, a-t-il soulign\u00e9.<\/p>\n<p>Selon une source des autorit\u00e9s locales marocaines, 23 migrants en situation irr\u00e9guli\u00e8re ont p\u00e9ri lorsque pr\u00e8s de 2.000 d\u2019entre eux ont tent\u00e9 de p\u00e9n\u00e9trer par la force vendredi matin dans l\u2019enclave espagnole.<\/p>\n<p>Cette source a ajout\u00e9 que \u00ab 18 migrants et un membre des forces de l\u2019ordre restent sous surveillance m\u00e9dicale \u00bb.<\/p>\n<p>\u2013 \u00ab Assaut violent et organis\u00e9 \u00bb \u2013<\/p>\n<p>Le Premier ministre socialiste espagnol, Pedro S\u00e1nchez, a d\u00e9crit ce drame comme un \u00ab assaut (\u2026) violent et organis\u00e9 de la part de mafias qui se livrent au trafic d\u2019\u00eatres humains, contre une ville qui est un territoire espagnol \u00bb.<\/p>\n<p>\u00ab Par cons\u00e9quent, il s\u2019est agi d\u2019une attaque contre l\u2019int\u00e9grit\u00e9 territoriale de notre pays \u00bb, a-t-il ajout\u00e9 lors d\u2019une conf\u00e9rence de presse \u00e0 Madrid.<\/p>\n<p>Au total, 130 migrants sont parvenus \u00e0 entrer vendredi \u00e0 Melilla, dont l\u2019un restait restait hospitalis\u00e9, selon des sources de la pr\u00e9fecture espagnole. Il s\u2019agit majoritairement de Soudanais, selon un photographe de l\u2019AFP qui a pu leur parler.<\/p>\n<p>Ceux qui ont p\u00e9ri ont trouv\u00e9 la mort \u00ab dans des bousculades et en chutant de la cl\u00f4ture de fer \u00bb lors d\u2019 \u00bbun assaut marqu\u00e9 par l\u2019usage de m\u00e9thodes tr\u00e8s violentes de la part des migrants \u00bb, selon les autorit\u00e9s locales marocaines.<\/p>\n<p>Le bilan humain est \u2013 de tr\u00e8s loin \u2013 le plus meurtrier jamais enregistr\u00e9 lors des nombreuses tentatives de migrants subsahariens de p\u00e9n\u00e9trer \u00e0 Melilla et dans l\u2019autre territoire espagnol de Ceuta. Ces deux enclaves constituent les seules fronti\u00e8res de l\u2019UE avec le continent africain.<\/p>\n<p>L\u2019Organisation internationale pour les migrations (OIM) et le Haut commissariat des Nations Unies aux r\u00e9fugi\u00e9s (HCR) ont r\u00e9agi conjointement pour exprimer \u00ab leurs plus vives inqui\u00e9tudes \u00bb et rappeler la n\u00e9cessit\u00e9 \u00ab en toutes circonstances de prioriser la s\u00e9curit\u00e9 des migrants et des r\u00e9fugi\u00e9s \u00bb et \u00ab l\u2019importance de trouver des solutions durables pour les personnes en situation de d\u00e9placement \u00bb.<\/p>\n<p>Au Maroc, des ONG d\u2019entraide aux migrants se sont jointes \u00e0 l\u2019AMDH pour exiger une enqu\u00eate \u00ab transparente et s\u00e9rieuse \u00bb.<\/p>\n<p>Un grand syndicat marocain qui d\u00e9fend aussi les droits des travailleurs migrants, l\u2019Organisation d\u00e9mocratique du travail (ODT), a exhort\u00e9 le gouvernement \u00ab \u00e0 ouvrir une enqu\u00eate sur ce drame tragique et \u00e0 faire le n\u00e9cessaire en faveur des victimes des deux c\u00f4t\u00e9s \u00bb, clandestins et policiers.<\/p>\n<p>En Espagne, une d\u00e9put\u00e9e europ\u00e9enne du parti de gauche radicale Podemos, alli\u00e9 des socialistes au sein du gouvernement minoritaire de M. S\u00e1nchez, leur a fait \u00e9cho. \u00ab Une enqu\u00eate est n\u00e9cessaire pour \u00e9claircir les faits et les responsabilit\u00e9s \u00bb, a r\u00e9clam\u00e9 dans un tweet Idoia Villanueava, responsable de Podemos pour les affaires internationales.<\/p>\n<p>De nombreux t\u00e9moignages mettent en avant la violence de part et d\u2019autre lors des \u00e9v\u00e8nements de vendredi.<\/p>\n<p>\u00ab C\u2019est la tentative \u00bb d\u2019entrer \u00e0 Melilla \u00ab la plus violente que j\u2019ai jamais vu \u00bb, a confi\u00e9 Rachid Nerjjari, serveur dans un caf\u00e9 situ\u00e9 en face de la cl\u00f4ture qui marque la fronti\u00e8re, dans le quartier marocain de Barrio Chino. Il a assur\u00e9 avoir vu \u00ab des migrants arm\u00e9s de b\u00e2tons et de barres de fer \u00bb.<\/p>\n<p>L\u2019action des forces de s\u00e9curit\u00e9 marocaines suscite \u00e9galement de nombreuses interrogations.<\/p>\n<p>Tout en reconnaissant que l\u2019assaut des migrants avait \u00e9t\u00e9 \u00ab violent \u00bb, Eduardo de Castro, le pr\u00e9sident (maire) de Melilla et plus haute autorit\u00e9 politique de cette ville autonome, a ainsi d\u00e9nonc\u00e9 une \u00ab r\u00e9ponse disproportionn\u00e9e \u00bb du Maroc.<\/p>\n<p>Pour Mohamed Amine Abidar, le pr\u00e9sident de la section de l\u2019AMDH \u00e0 Nador, \u00ab la cause principale de cette catastrophe est la politique migratoire men\u00e9e par l\u2019Union europ\u00e9enne en coop\u00e9ration avec le Maroc \u00bb.<\/p>\n<p>Sur les lieux, le calme \u00e9tait revenu samedi \u00e0 Nador, cit\u00e9 limitrophe de l\u2019enclave espagnole, ainsi qu\u2019aux alentours de la cl\u00f4ture de fer qui s\u00e9pare le Maroc de Melilla.<\/p>\n<p>Et il n\u2019y avait aucune trace de migrants en ville. Selon M. Abidar, ils se seraient \u00ab \u00e9loign\u00e9s de peur d\u2019\u00eatre d\u00e9plac\u00e9s par les autorit\u00e9s marocaines \u00bb, g\u00e9n\u00e9ralement vers le sud du pays.<\/p>\n<p>Cette tentative d\u2019entr\u00e9e massive dans l\u2019une des deux enclaves espagnoles est la premi\u00e8re depuis la normalisation en mars des relations entre Madrid et Rabat, apr\u00e8s une brouille diplomatique de pr\u00e8s d\u2019un an.<\/p>\n<p>AFP<\/p>\n","protected":false},"excerpt":{"rendered":"<p>Des voix s\u2019\u00e9l\u00e8vent samedi au Maroc pour r\u00e9clamer une enqu\u00eate \u00ab approfondie \u00bb au lendemain de la mort d\u2019au moins 23 migrants lors d\u2019une tentative d\u2019entr\u00e9e massive dans l\u2019enclave espagnole de Melilla, situ\u00e9e en territoire marocain, tandis que l\u2019Espagne a d\u00e9nonc\u00e9 avec force des \u00ab mafias \u00bb et \u00ab une attaque \u00bb contre son \u00ab [&hellip;]<\/p>\n","protected":false},"author":2,"featured_media":13537,"comment_status":"closed","ping_status":"closed","sticky":false,"template":"","format":"standard","meta":{"footnotes":""},"categories":[58],"tags":[],"class_list":{"0":"post-13534","1":"post","2":"type-post","3":"status-publish","4":"format-standard","5":"has-post-thumbnail","7":"category-societe"},"_links":{"self":[{"href":"https:\/\/conakrynews.org\/index.php\/wp-json\/wp\/v2\/posts\/13534","targetHints":{"allow":["GET"]}}],"collection":[{"href":"https:\/\/conakrynews.org\/index.php\/wp-json\/wp\/v2\/posts"}],"about":[{"href":"https:\/\/conakrynews.org\/index.php\/wp-json\/wp\/v2\/types\/post"}],"author":[{"embeddable":true,"href":"https:\/\/conakrynews.org\/index.php\/wp-json\/wp\/v2\/users\/2"}],"replies":[{"embeddable":true,"href":"https:\/\/conakrynews.org\/index.php\/wp-json\/wp\/v2\/comments?post=13534"}],"version-history":[{"count":0,"href":"https:\/\/conakrynews.org\/index.php\/wp-json\/wp\/v2\/posts\/13534\/revisions"}],"wp:featuredmedia":[{"embeddable":true,"href":"https:\/\/conakrynews.org\/index.php\/wp-json\/wp\/v2\/media\/13537"}],"wp:attachment":[{"href":"https:\/\/conakrynews.org\/index.php\/wp-json\/wp\/v2\/media?parent=13534"}],"wp:term":[{"taxonomy":"category","embeddable":true,"href":"https:\/\/conakrynews.org\/index.php\/wp-json\/wp\/v2\/categories?post=13534"},{"taxonomy":"post_tag","embeddable":true,"href":"https:\/\/conakrynews.org\/index.php\/wp-json\/wp\/v2\/tags?post=13534"}],"curies":[{"name":"wp","href":"https:\/\/api.w.org\/{rel}","templated":true}]}}