{"id":13539,"date":"2022-06-26T14:14:55","date_gmt":"2022-06-26T14:14:55","guid":{"rendered":"https:\/\/conakrynews.org\/?p=13539"},"modified":"2022-06-26T14:19:16","modified_gmt":"2022-06-26T14:19:16","slug":"rencontre-colonel-amara-camara-avec-les-operateurs-economiques-le-consul-honoraire-de-la-coree-du-sud-en-guinee-sengage-japporterai-un-soutien-sans-faille-pour-sa-reussite-e","status":"publish","type":"post","link":"https:\/\/conakrynews.org\/index.php\/rencontre-colonel-amara-camara-avec-les-operateurs-economiques-le-consul-honoraire-de-la-coree-du-sud-en-guinee-sengage-japporterai-un-soutien-sans-faille-pour-sa-reussite-e\/","title":{"rendered":"Rencontre-Colonel Amara Camara avec les op\u00e9rateurs \u00e9conomiques : Le Consul honoraire de la  Cor\u00e9e du sud en Guin\u00e9e s\u2019engage \u00abJ\u2019apporterai un soutien sans faille pour sa r\u00e9ussite et l\u2019assouplissement des conditions de vie de nos compatriotes\u00bb"},"content":{"rendered":"<p>Le Ministre Secr\u00e9taire G\u00e9n\u00e9ral et Porte-parole de la Pr\u00e9sidence de la R\u00e9publique de Guin\u00e9e, Colonel Amara Camara a conf\u00e9r\u00e9 hier vendredi, 24 juin 2022, au Palais Mohamed V \u00e0 Conakry, avec les op\u00e9rateurs \u00e9conomiques \u00e9voluant dans le Secteur Priv\u00e9, colonne ombilicale de l\u2019\u00e9conomie du pays.<\/p>\n<p>Cette rencontre du Colonel Amara Camara avec l\u2019ensemble des acteurs de diff\u00e9rentes composantes du secteur priv\u00e9 guin\u00e9en sera tenue d\u00e9sormais, de mani\u00e8re p\u00e9riodique entre les autorit\u00e9s de la transition et le secteur priv\u00e9.<\/p>\n<p>D\u2019entr\u00e9e de jeu, Colonel Amara Camara a d\u00e9clar\u00e9 : \u00abNous avons estim\u00e9 que c\u2019\u00e9tait plut\u00f4t devenu familier de pouvoir se rencontrer.  Il appartient souvent de pouvoir s\u2019arr\u00eater et regarder \u00e0 gauche, regarder \u00e0 droite, derri\u00e8re, savoir est-ce qu\u2019on est en phase avec ce que nous sommes en train de faire ? Et je ne suis pas en train de vous rappeler parce que l\u00e0, vous savez qu\u2019un pays se d\u00e9veloppe gr\u00e2ce \u00e0 son secteur priv\u00e9.<\/p>\n<p>C\u2019est pour vous dire que vous \u00eates des maillons essentiels \u00e0 la vie de la nation. Donc, avoir la m\u00eame vision, partager les m\u00eames points de vue au quotidien permettra tous les jours d\u2019am\u00e9liorer les conditions de vie de nos concitoyens. C\u2019est aussi le r\u00f4le essentiel d\u2019un Etat, d\u2019une Gouvernance. C\u2019est \u00e0 ce titre que nous vous avons invit\u00e9s aujourd\u2019hui. Et \u00e7a sera le cas pour les prochaines rencontres.\u00bb<\/p>\n<p>La vision du Chef de l\u2019Etat, indique le Ministre Secr\u00e9taire g\u00e9n\u00e9ral et Porte-parole de la Pr\u00e9sidence de la R\u00e9publique,  est de permettre effectivement de vivre mieux en Guin\u00e9e mais par les guin\u00e9ens.<\/p>\n<p>Aujourd\u2019hui, informe-t-il, \u00abOn peut dire que \u00e7a va parce que les indicateurs ne sont pas au rouge, ils sont plut\u00f4t positifs. Donc, les gels ou les d\u00e9gels des comptes bancaires ont \u00e9t\u00e9 observ\u00e9s au cas par cas.  Pour la plus grande partie, le d\u00e9gel est observ\u00e9.\u00bb<br \/>\nAujourd\u2019hui essentiellement, poursuit le porte-parole de  la Pr\u00e9sidence, le Chef de l\u2019Etat a voulu que nous partagions la vision  qui part du 5 septembre 2021.<\/p>\n<p>Selon lui, \u00abLes raisons qui ont motiv\u00e9 la prise du pouvoir par l\u2019Arm\u00e9e le 5 septembre sont nobles et dignes parce que les guin\u00e9ens m\u00e9ritent mieux, on m\u00e9rite de vivre ensemble et ce qui est beaucoup important dans le message du 5 septembre c\u2019est l\u2019exclusivit\u00e9.\u00bb<\/p>\n<p>Dans sa communication, Colonel Amara Camara a d\u00e9nonc\u00e9 la grande surfacturation pour certains grands march\u00e9s de l\u2019Etat o\u00f9 souvent, on a vu des chiffres pour lesquels il n\u2019y a pas de justifs mais demandent des paiements.<\/p>\n<p>Des surfacturations qui, \u00e0 ce jour, constituent des sources d\u2019interrogations chez le CNRD qui veut en finir avec des saign\u00e9es financi\u00e8res en Guin\u00e9e.<\/p>\n<p>D\u00e9j\u00e0, ce premier rendez-vous aura \u00e9t\u00e9 un v\u00e9ritable espace de partage sur la vision du CNRD et le processus de la refondation marqu\u00e9e par de nombreuses r\u00e9formes en cours dans le pays.<\/p>\n<p>En tous les cas, le Chef de l\u2019Etat, Colonel Mamadi Doumbouya reste d\u00e9termin\u00e9 et tr\u00e8s attach\u00e9 au respect du caract\u00e8re inclusif de la Transition.<\/p>\n<p>Pr\u00e9sent \u00e0 ce rendez-vous capital, Ibrahima Kassus Dioubat\u00e9, Consul Honoraire de la Cor\u00e9e du sud pr\u00e8s la R\u00e9publique de Guin\u00e9e et op\u00e9rateur \u00e9conomique s\u2019est exprim\u00e9 : \u00abLes autorit\u00e9s de la Transition m\u00e9ritent d\u2019\u00eatre f\u00e9licit\u00e9es et encourag\u00e9es pour cette rencontre avec les diff\u00e9rentes composantes du Secteur priv\u00e9 guin\u00e9en. Une rencontre qui, d\u2019ailleurs, nous a permis d\u2019\u00e9changer autour de la situation socio-\u00e9conomique de notre pays, la Guin\u00e9e.\u00bb<\/p>\n<p>Pr\u00e9cisant qu\u2019une transition n\u2019est pas du tout facile, le diplomate cor\u00e9en s\u2019est engag\u00e9 d\u2019apporter un soutien sans faille pour sa r\u00e9ussite de la Transition et l\u2019assouplissement des conditions de vie de ses compatriotes.<\/p>\n<p>Utile de rappeler qu\u2019Ibrahima Kassus est l\u2019artisan principal de la grande coop\u00e9ration  liant la R\u00e9publique s\u0153ur de Cor\u00e9e du sud \u00e0 la Guin\u00e9e.<\/p>\n<p>Cet homme est \u00e9galement celui qui a facilit\u00e9 l\u2019embellissement d\u2019un des quartiers chics de la capitale Conakry ce, \u00e0 travers la construction des immeubles  de Plazza Diamont de Kip\u00e9 (Ratoma)<\/p>\n<p>M. Dioubat\u00e9 a aussi donn\u00e9 naissance \u00e0 l\u2019h\u00f4tel Kaloum et les maisons de grand Conakry au quartier Kobaya.<\/p>\n<p>Il s\u2019est beaucoup, investi dans la formation ou le renforcement des capacit\u00e9s de beaucoup d\u2019\u00e9lites des Services de D\u00e9fense et de s\u00e9curit\u00e9 de notre vaillante Arm\u00e9e nationale sans oublier ceux du minist\u00e8re de la sant\u00e9 et de l\u2019Hygi\u00e8ne Publique \u00e0  travers la coop\u00e9ration cor\u00e9enne.<\/p>\n<p>A noter qu\u2019au lendemain du 5 septembre 2021,  l\u2019autre pr\u00e9occupation majeure du CNRD et de son pr\u00e9sident a consist\u00e9 \u00e0 donner un nouveau souffle au climat des affaires en Guin\u00e9e.  C\u2019est pourquoi, d\u2019importantes mesures sont prises pour promouvoir les investissements.<\/p>\n<p>Toute chose qui a amen\u00e9 le porte-parole de la Pr\u00e9sidence de la R\u00e9publique \u00e0 \u00e9voquer quelques unes des mesures qui ont boost\u00e9 les activit\u00e9s du Secteur priv\u00e9 guin\u00e9en.<\/p>\n","protected":false},"excerpt":{"rendered":"<p>Le Ministre Secr\u00e9taire G\u00e9n\u00e9ral et Porte-parole de la Pr\u00e9sidence de la R\u00e9publique de Guin\u00e9e, Colonel Amara Camara a conf\u00e9r\u00e9 hier vendredi, 24 juin 2022, au Palais Mohamed V \u00e0 Conakry, avec les op\u00e9rateurs \u00e9conomiques \u00e9voluant dans le Secteur Priv\u00e9, colonne ombilicale de l\u2019\u00e9conomie du pays. Cette rencontre du Colonel Amara Camara avec l\u2019ensemble des acteurs [&hellip;]<\/p>\n","protected":false},"author":2,"featured_media":13541,"comment_status":"closed","ping_status":"closed","sticky":false,"template":"","format":"standard","meta":{"footnotes":""},"categories":[58],"tags":[],"class_list":{"0":"post-13539","1":"post","2":"type-post","3":"status-publish","4":"format-standard","5":"has-post-thumbnail","7":"category-societe"},"_links":{"self":[{"href":"https:\/\/conakrynews.org\/index.php\/wp-json\/wp\/v2\/posts\/13539","targetHints":{"allow":["GET"]}}],"collection":[{"href":"https:\/\/conakrynews.org\/index.php\/wp-json\/wp\/v2\/posts"}],"about":[{"href":"https:\/\/conakrynews.org\/index.php\/wp-json\/wp\/v2\/types\/post"}],"author":[{"embeddable":true,"href":"https:\/\/conakrynews.org\/index.php\/wp-json\/wp\/v2\/users\/2"}],"replies":[{"embeddable":true,"href":"https:\/\/conakrynews.org\/index.php\/wp-json\/wp\/v2\/comments?post=13539"}],"version-history":[{"count":0,"href":"https:\/\/conakrynews.org\/index.php\/wp-json\/wp\/v2\/posts\/13539\/revisions"}],"wp:featuredmedia":[{"embeddable":true,"href":"https:\/\/conakrynews.org\/index.php\/wp-json\/wp\/v2\/media\/13541"}],"wp:attachment":[{"href":"https:\/\/conakrynews.org\/index.php\/wp-json\/wp\/v2\/media?parent=13539"}],"wp:term":[{"taxonomy":"category","embeddable":true,"href":"https:\/\/conakrynews.org\/index.php\/wp-json\/wp\/v2\/categories?post=13539"},{"taxonomy":"post_tag","embeddable":true,"href":"https:\/\/conakrynews.org\/index.php\/wp-json\/wp\/v2\/tags?post=13539"}],"curies":[{"name":"wp","href":"https:\/\/api.w.org\/{rel}","templated":true}]}}