{"id":13555,"date":"2022-06-27T09:50:35","date_gmt":"2022-06-27T09:50:35","guid":{"rendered":"https:\/\/conakrynews.org\/?p=13555"},"modified":"2022-06-27T09:50:35","modified_gmt":"2022-06-27T09:50:35","slug":"les-dirigeants-du-g7-face-aux-crises-multiples-qui-touchent-la-planete","status":"publish","type":"post","link":"https:\/\/conakrynews.org\/index.php\/les-dirigeants-du-g7-face-aux-crises-multiples-qui-touchent-la-planete\/","title":{"rendered":"Les dirigeants du G7 face aux crises multiples qui touchent la plan\u00e8te"},"content":{"rendered":"<p>Au ch\u00e2teau d\u2019Elmau en Bavi\u00e8re (sud de l\u2019Allemagne), les dirigeants du G7 se sont attel\u00e9s aux priorit\u00e9s de ce sommet qui se tient jusqu\u2019au 28 juin dans un contexte de crises multiples : la guerre en Ukraine, les menaces sur la s\u00e9curit\u00e9 alimentaire et \u00e9nerg\u00e9tique, l\u2019urgence climatique. Le pr\u00e9sident ukrainien, Volodymyr Zelensky, y adressera un nouveau message aux dirigeants de la plan\u00e8te.<\/p>\n<p>Volodymyr Zelensky devrait r\u00e9clamer deux choses aux dirigeants du G7 : des armes, des munitions et des sanctions contre la Russie. C\u2019est le message qu\u2019il mart\u00e8le \u00e0 chaque fois qu\u2019il s\u2019adresse aux dirigeants de la plan\u00e8te, et c\u2019est le message sans doute qu\u2019il adressera de nouveau aujourd\u2019hui \u00e0 l\u2019occasion de ce G7. Alors, sera-t-il entendu ? En ce qui concerne les armes, il n\u2019y aura probablement pas d\u2019annonces ici, car le G7 est un club plut\u00f4t orient\u00e9 sur les questions \u00e9conomiques, m\u00eame s\u2019il s\u2019occupe de g\u00e9opolitique et de relation internationales, et surtout il sera suivi du sommet de l\u2019Otan \u00e0 Madrid.<\/p>\n<p>D\u00e9j\u00e0 l\u2019embargo sur l\u2019or<br \/>\nS\u2019agissant des sanctions, il y a d\u00e9j\u00e0 quatre pays qui proposent un embargo sur l\u2019or russe. Ce sont les \u00c9tats-Unis, le Royaume-Uni, le Japon et le Canada. Et les trois pays europ\u00e9ens du G7 devraient suivre, m\u00eame si, in fine, la d\u00e9cision se prendra au niveau de l\u2019UE. Voil\u00e0 pour les armes et les sanctions, mais l\u2019Ukraine est pr\u00e9sente au G7 au-del\u00e0 de ces deux sujets par ses cons\u00e9quences sur le march\u00e9 de l\u2019\u00e9nergie et aussi, bien s\u00fbr, pour celui des c\u00e9r\u00e9ales.<\/p>\n<p>Des questions qui inqui\u00e8tent de nombreux pays : c\u2019est le cas de l\u2019Afrique du Sud, du S\u00e9n\u00e9gal, ou encore de l\u2019Inde et de l\u2019Indon\u00e9sie, dont les dirigeants sont \u00e9galement attendus ce lundi au G7. Ces dirigeants africains et asiatiques demanderont sans doute des initiatives pour pr\u00e9venir cette crise alimentaire potentiellement d\u00e9vastatrice qui s\u2019annonce et pour trouver une solution afin de d\u00e9bloquer les c\u00e9r\u00e9ales ukrainiennes, bloqu\u00e9es en raison du blocus de la mer Noire.<\/p>\n<p>Lutter contre l\u2019ins\u00e9curit\u00e9 alimentaire<br \/>\nDes n\u00e9gociations sont en cours sous l\u2019\u00e9gide des Nations unies, mais elles tardent \u00e0 aboutir ; il en sera question avec Antonio Guterres, le secr\u00e9taire g\u00e9n\u00e9ral de l\u2019ONU, qui sera \u00e9galement pr\u00e9sent ce lundi au ch\u00e2teau d\u2019Elmau. Les pays d\u2019Asie et d\u2019Afrique demanderont sans doute aussi des soutiens financiers pour faire face \u00e0 cette crise alimentaire. Le temps presse, car \u00e0 la fin de l\u2019ann\u00e9e, selon l\u2019ONU, plus de 320 millions de personnes pourraient se retrouver dans l\u2019ins\u00e9curit\u00e9 alimentaire. Pour les pays qui seront en premi\u00e8re ligne face \u00e0 cette p\u00e9nurie, le G7 se doit d\u2019agir pour \u00e9viter le pire.<\/p>\n<p>Avec RFI<\/p>\n","protected":false},"excerpt":{"rendered":"<p>Au ch\u00e2teau d\u2019Elmau en Bavi\u00e8re (sud de l\u2019Allemagne), les dirigeants du G7 se sont attel\u00e9s aux priorit\u00e9s de ce sommet qui se tient jusqu\u2019au 28 juin dans un contexte de crises multiples : la guerre en Ukraine, les menaces sur la s\u00e9curit\u00e9 alimentaire et \u00e9nerg\u00e9tique, l\u2019urgence climatique. Le pr\u00e9sident ukrainien, Volodymyr Zelensky, y adressera un [&hellip;]<\/p>\n","protected":false},"author":2,"featured_media":13556,"comment_status":"closed","ping_status":"closed","sticky":false,"template":"","format":"standard","meta":{"footnotes":""},"categories":[58],"tags":[],"class_list":{"0":"post-13555","1":"post","2":"type-post","3":"status-publish","4":"format-standard","5":"has-post-thumbnail","7":"category-societe"},"_links":{"self":[{"href":"https:\/\/conakrynews.org\/index.php\/wp-json\/wp\/v2\/posts\/13555","targetHints":{"allow":["GET"]}}],"collection":[{"href":"https:\/\/conakrynews.org\/index.php\/wp-json\/wp\/v2\/posts"}],"about":[{"href":"https:\/\/conakrynews.org\/index.php\/wp-json\/wp\/v2\/types\/post"}],"author":[{"embeddable":true,"href":"https:\/\/conakrynews.org\/index.php\/wp-json\/wp\/v2\/users\/2"}],"replies":[{"embeddable":true,"href":"https:\/\/conakrynews.org\/index.php\/wp-json\/wp\/v2\/comments?post=13555"}],"version-history":[{"count":0,"href":"https:\/\/conakrynews.org\/index.php\/wp-json\/wp\/v2\/posts\/13555\/revisions"}],"wp:featuredmedia":[{"embeddable":true,"href":"https:\/\/conakrynews.org\/index.php\/wp-json\/wp\/v2\/media\/13556"}],"wp:attachment":[{"href":"https:\/\/conakrynews.org\/index.php\/wp-json\/wp\/v2\/media?parent=13555"}],"wp:term":[{"taxonomy":"category","embeddable":true,"href":"https:\/\/conakrynews.org\/index.php\/wp-json\/wp\/v2\/categories?post=13555"},{"taxonomy":"post_tag","embeddable":true,"href":"https:\/\/conakrynews.org\/index.php\/wp-json\/wp\/v2\/tags?post=13555"}],"curies":[{"name":"wp","href":"https:\/\/api.w.org\/{rel}","templated":true}]}}