{"id":13588,"date":"2022-06-28T15:50:22","date_gmt":"2022-06-28T15:50:22","guid":{"rendered":"https:\/\/conakrynews.org\/?p=13588"},"modified":"2022-06-28T20:17:18","modified_gmt":"2022-06-28T20:17:18","slug":"dialogue-politique-bouna-keita-traite-de-comedien-devant-le-premier-ministre","status":"publish","type":"post","link":"https:\/\/conakrynews.org\/index.php\/dialogue-politique-bouna-keita-traite-de-comedien-devant-le-premier-ministre\/","title":{"rendered":"Dialogue politique: Bouna Ke\u00efta trait\u00e9 de com\u00e9dien devant le premier ministre"},"content":{"rendered":"\n<p>Le dialogue politique initi\u00e9 par le gouvernement Mohamed B\u00e9avogui et le CNRD avec la classe politique est entam\u00e9 ce lundi 27 juin \u00e0 Kaloum.<\/p>\n<p>Tour \u00e0 tour, les leaders politiques pr\u00e9sents ont pris la parole pour apporter leur contribution dans le cadre de l&rsquo;apaisement et de retour \u00e0 l&rsquo;ordre constitutionnel. <\/p>\n<p>Dans les diff\u00e9rentes intervention, applaudissements et prise de notes \u00e9taient remarqu\u00e9s dans la salle.<\/p>\n<p>Paff ! Arrive le tour du pr\u00e9sident du Rassemblemt pour une Guin\u00e9e Prosp\u00e8re ( RGP) de doubl\u00e9 d&rsquo;hommes d&rsquo;affaires, Elhadj Bouna Ke\u00efta.<\/p>\n<p>Parlant d&rsquo;un sujet \u00e0 un autre sans terminer celui commenc\u00e9, le public n&rsquo;ayant pas trouv\u00e9 de pertinence a commenc\u00e9 de se tordre de rire face au \u00ab\u00a0spectacle\u00a0\u00bb de Bouna Ke\u00efta.<\/p>\n<p>Sur-le-champ, un participant traite  \u00e0 vive et \u00e0 haute voix le  pr\u00e9sident du ( RGP) de com\u00e9dien. Des \u00e9clats de rire, murmures et moqueries imbibent la salle. <\/p>\n<p>Fach\u00e9, Bouna Ke\u00efta r\u00e9agit: \u00a0\u00bb un com\u00e9dien \u00e0 la t\u00eate d&rsquo;un parti, un com\u00e9dien deux fois candidats aux \u00e9lections.\u00a0\u00bb  <\/p>\n<p>Dans la salle, un autre participant exhorte un assainissement de la classe politique guin\u00e9en : \u00a0\u00bb m\u00eame ceux qui n&rsquo;ont pas de militants parlent quand  de la Guin\u00e9e. Il faut que le minist\u00e8re de  l&rsquo;Administration et du Territoire assainie  le paysage politique guin\u00e9en, \u00a0\u00bb dit-il , apr\u00e8s la prise de parole de Bouna K\u00e9\u00efta. <\/p>\n<p>Fassa Tounkara, journaliste ind\u00e9pendant<\/p>\n","protected":false},"excerpt":{"rendered":"<p>Le dialogue politique initi\u00e9 par le gouvernement Mohamed B\u00e9avogui et le CNRD avec la classe politique est entam\u00e9 ce lundi 27 juin \u00e0 Kaloum. Tour \u00e0 tour, les leaders politiques pr\u00e9sents ont pris la parole pour apporter leur contribution dans le cadre de l&rsquo;apaisement et de retour \u00e0 l&rsquo;ordre constitutionnel. Dans les diff\u00e9rentes intervention, applaudissements [&hellip;]<\/p>\n","protected":false},"author":2,"featured_media":13590,"comment_status":"closed","ping_status":"closed","sticky":false,"template":"","format":"standard","meta":{"footnotes":""},"categories":[57],"tags":[],"class_list":{"0":"post-13588","1":"post","2":"type-post","3":"status-publish","4":"format-standard","5":"has-post-thumbnail","7":"category-politique"},"_links":{"self":[{"href":"https:\/\/conakrynews.org\/index.php\/wp-json\/wp\/v2\/posts\/13588","targetHints":{"allow":["GET"]}}],"collection":[{"href":"https:\/\/conakrynews.org\/index.php\/wp-json\/wp\/v2\/posts"}],"about":[{"href":"https:\/\/conakrynews.org\/index.php\/wp-json\/wp\/v2\/types\/post"}],"author":[{"embeddable":true,"href":"https:\/\/conakrynews.org\/index.php\/wp-json\/wp\/v2\/users\/2"}],"replies":[{"embeddable":true,"href":"https:\/\/conakrynews.org\/index.php\/wp-json\/wp\/v2\/comments?post=13588"}],"version-history":[{"count":0,"href":"https:\/\/conakrynews.org\/index.php\/wp-json\/wp\/v2\/posts\/13588\/revisions"}],"wp:featuredmedia":[{"embeddable":true,"href":"https:\/\/conakrynews.org\/index.php\/wp-json\/wp\/v2\/media\/13590"}],"wp:attachment":[{"href":"https:\/\/conakrynews.org\/index.php\/wp-json\/wp\/v2\/media?parent=13588"}],"wp:term":[{"taxonomy":"category","embeddable":true,"href":"https:\/\/conakrynews.org\/index.php\/wp-json\/wp\/v2\/categories?post=13588"},{"taxonomy":"post_tag","embeddable":true,"href":"https:\/\/conakrynews.org\/index.php\/wp-json\/wp\/v2\/tags?post=13588"}],"curies":[{"name":"wp","href":"https:\/\/api.w.org\/{rel}","templated":true}]}}