{"id":13601,"date":"2022-06-29T10:44:07","date_gmt":"2022-06-29T10:44:07","guid":{"rendered":"https:\/\/conakrynews.org\/?p=13601"},"modified":"2022-06-29T10:44:07","modified_gmt":"2022-06-29T10:44:07","slug":"texas-46-cadavres-de-migrants-retrouves-dans-une-semi-remorque","status":"publish","type":"post","link":"https:\/\/conakrynews.org\/index.php\/texas-46-cadavres-de-migrants-retrouves-dans-une-semi-remorque\/","title":{"rendered":"Texas: 46 cadavres de migrants retrouv\u00e9s dans une semi-remorque"},"content":{"rendered":"<p>Les corps de 46 migrants ont \u00e9t\u00e9 d\u00e9couverts \u00e0 l\u2019int\u00e9rieur d\u2019un semi-remorque lundi \u00e0 San Antonio, au Texas, selon les autorit\u00e9s municipales, dans l\u2019un des incidents les plus meurtriers survenus r\u00e9cemment dans le cadre du trafic d\u2019\u00eatres humains le long de la fronti\u00e8re entre les \u00c9tats-Unis et le Mexique.<\/p>\n<p>Selon un responsable du service de secours de San Antonio, les autorit\u00e9s ont trouv\u00e9 la semi-remorque pr\u00e8s d\u2019une voie ferr\u00e9e dans une zone \u00e9loign\u00e9e de la p\u00e9riph\u00e9rie sud de la ville avec, \u00e0 l\u2019int\u00e9rieur, des corps \u00ab entass\u00e9s \u00bb.<\/p>\n<p>Seize survivants ont \u00e9t\u00e9 transport\u00e9s \u00e0 l\u2019h\u00f4pital, dont quatre mineurs, selon les autorit\u00e9s.<\/p>\n<p>Les temp\u00e9ratures \u00e0 San Antonio, qui se trouve \u00e0 environ 250 km de la fronti\u00e8re mexicaine, sont mont\u00e9es \u00e0 39,4 degr\u00e9s Celsius lundi, avec une forte humidit\u00e9.<\/p>\n<p>Selon le chef de la police de la ville, William McManus, c\u2019est un employ\u00e9 municipal qui a d\u00e9couvert la sc\u00e8ne macabre apr\u00e8s avoir entendu un appel au secours \u00e9manant du camion peu avant 18 heures lundi (heure locale).<\/p>\n<p>Pour le maire de San Antonio, Ron Nirenberg, \u00ab il s\u2019agit ni plus ni moins d\u2019une horrible trag\u00e9die humaine \u00bb car, a-t-il dit, les 46 morts cherchaient tout simplement \u00ab de trouver une vie meilleure \u00bb.<\/p>\n<p>Trois individus ont \u00e9t\u00e9 plac\u00e9s en garde \u00e0 vue \u00e0 la suite de l\u2019incident, bien que leur implication ne soit pas encore claire.<\/p>\n<p>Casse-t\u00eate pour Joe Biden<\/p>\n<p>Ces d\u00e9c\u00e8s soulignent une fois de plus le d\u00e9fi que repr\u00e9sente le contr\u00f4le des passages de migrants \u00e0 la fronti\u00e8re entre les \u00c9tats-Unis et le Mexique, qui ont atteint des niveaux record.<\/p>\n<p>Un d\u00e9fi de taille pour le pr\u00e9sident am\u00e9ricain Joe Biden, un d\u00e9mocrate qui est entr\u00e9 en fonction en janvier 2021 en promettant de renverser les politiques d\u2019immigration de son pr\u00e9d\u00e9cesseur r\u00e9publicain Donald Trump.<\/p>\n<p>Le gouverneur du Texas, Greg Abbott, un r\u00e9publicain en course pour sa r\u00e9\u00e9lection, n\u2019a pas m\u00e2ch\u00e9 ses mots: \u00ab Ces morts sont sur Biden. Ils d\u00e9coulent de sa politique mortelle d\u2019ouverture des fronti\u00e8res \u00bb, a-t-il tweet\u00e9.<\/p>\n<p>Avec AFP<\/p>\n","protected":false},"excerpt":{"rendered":"<p>Les corps de 46 migrants ont \u00e9t\u00e9 d\u00e9couverts \u00e0 l\u2019int\u00e9rieur d\u2019un semi-remorque lundi \u00e0 San Antonio, au Texas, selon les autorit\u00e9s municipales, dans l\u2019un des incidents les plus meurtriers survenus r\u00e9cemment dans le cadre du trafic d\u2019\u00eatres humains le long de la fronti\u00e8re entre les \u00c9tats-Unis et le Mexique. Selon un responsable du service de [&hellip;]<\/p>\n","protected":false},"author":2,"featured_media":13602,"comment_status":"closed","ping_status":"closed","sticky":false,"template":"","format":"standard","meta":{"footnotes":""},"categories":[58],"tags":[],"class_list":{"0":"post-13601","1":"post","2":"type-post","3":"status-publish","4":"format-standard","5":"has-post-thumbnail","7":"category-societe"},"_links":{"self":[{"href":"https:\/\/conakrynews.org\/index.php\/wp-json\/wp\/v2\/posts\/13601","targetHints":{"allow":["GET"]}}],"collection":[{"href":"https:\/\/conakrynews.org\/index.php\/wp-json\/wp\/v2\/posts"}],"about":[{"href":"https:\/\/conakrynews.org\/index.php\/wp-json\/wp\/v2\/types\/post"}],"author":[{"embeddable":true,"href":"https:\/\/conakrynews.org\/index.php\/wp-json\/wp\/v2\/users\/2"}],"replies":[{"embeddable":true,"href":"https:\/\/conakrynews.org\/index.php\/wp-json\/wp\/v2\/comments?post=13601"}],"version-history":[{"count":0,"href":"https:\/\/conakrynews.org\/index.php\/wp-json\/wp\/v2\/posts\/13601\/revisions"}],"wp:featuredmedia":[{"embeddable":true,"href":"https:\/\/conakrynews.org\/index.php\/wp-json\/wp\/v2\/media\/13602"}],"wp:attachment":[{"href":"https:\/\/conakrynews.org\/index.php\/wp-json\/wp\/v2\/media?parent=13601"}],"wp:term":[{"taxonomy":"category","embeddable":true,"href":"https:\/\/conakrynews.org\/index.php\/wp-json\/wp\/v2\/categories?post=13601"},{"taxonomy":"post_tag","embeddable":true,"href":"https:\/\/conakrynews.org\/index.php\/wp-json\/wp\/v2\/tags?post=13601"}],"curies":[{"name":"wp","href":"https:\/\/api.w.org\/{rel}","templated":true}]}}