{"id":13622,"date":"2022-07-01T16:07:08","date_gmt":"2022-07-01T16:07:08","guid":{"rendered":"https:\/\/conakrynews.org\/?p=13622"},"modified":"2022-07-02T20:37:16","modified_gmt":"2022-07-02T20:37:16","slug":"stade-petit-sory-de-nongo-ralan-face-la-presse-pour-parler-du-gala-denomme-lunite-nationale","status":"publish","type":"post","link":"https:\/\/conakrynews.org\/index.php\/stade-petit-sory-de-nongo-ralan-face-la-presse-pour-parler-du-gala-denomme-lunite-nationale\/","title":{"rendered":"\u00ab\u00a0Stade Petit Sory de Nongo\u00a0\u00bb  : \u2039\u2039RALAN\u203a\u203a  face \u00e0 la presse pour parler du Gala denomm\u00e9 \u00ab\u00a0l&rsquo;Unit\u00e9 Nationale\u00a0\u00bb"},"content":{"rendered":"<p><img loading=\"lazy\" decoding=\"async\" src=\"https:\/\/conakrynews.org\/wp-content\/uploads\/2022\/07\/IMG_20220701_115147_1-500x375.jpg\" alt=\"\" width=\"500\" height=\"375\" class=\"alignright size-medium wp-image-13624\" srcset=\"https:\/\/conakrynews.org\/wp-content\/uploads\/2022\/07\/IMG_20220701_115147_1-500x375.jpg 500w, https:\/\/conakrynews.org\/wp-content\/uploads\/2022\/07\/IMG_20220701_115147_1-768x576.jpg 768w, https:\/\/conakrynews.org\/wp-content\/uploads\/2022\/07\/IMG_20220701_115147_1-1536x1152.jpg 1536w, https:\/\/conakrynews.org\/wp-content\/uploads\/2022\/07\/IMG_20220701_115147_1-2048x1536.jpg 2048w\" sizes=\"auto, (max-width: 500px) 100vw, 500px\" \/><img loading=\"lazy\" decoding=\"async\" src=\"https:\/\/conakrynews.org\/wp-content\/uploads\/2022\/07\/IMG_20220701_115011_6-500x375.jpg\" alt=\"\" width=\"500\" height=\"375\" class=\"alignright size-medium wp-image-13625\" srcset=\"https:\/\/conakrynews.org\/wp-content\/uploads\/2022\/07\/IMG_20220701_115011_6-500x375.jpg 500w, https:\/\/conakrynews.org\/wp-content\/uploads\/2022\/07\/IMG_20220701_115011_6-768x576.jpg 768w, https:\/\/conakrynews.org\/wp-content\/uploads\/2022\/07\/IMG_20220701_115011_6-1536x1152.jpg 1536w, https:\/\/conakrynews.org\/wp-content\/uploads\/2022\/07\/IMG_20220701_115011_6-2048x1536.jpg 2048w\" sizes=\"auto, (max-width: 500px) 100vw, 500px\" \/><img loading=\"lazy\" decoding=\"async\" src=\"https:\/\/conakrynews.org\/wp-content\/uploads\/2022\/07\/IMG_20220701_114959_4-500x375.jpg\" alt=\"\" width=\"500\" height=\"375\" class=\"alignright size-medium wp-image-13626\" srcset=\"https:\/\/conakrynews.org\/wp-content\/uploads\/2022\/07\/IMG_20220701_114959_4-500x375.jpg 500w, https:\/\/conakrynews.org\/wp-content\/uploads\/2022\/07\/IMG_20220701_114959_4-768x576.jpg 768w, https:\/\/conakrynews.org\/wp-content\/uploads\/2022\/07\/IMG_20220701_114959_4-1536x1152.jpg 1536w, https:\/\/conakrynews.org\/wp-content\/uploads\/2022\/07\/IMG_20220701_114959_4-2048x1536.jpg 2048w\" sizes=\"auto, (max-width: 500px) 100vw, 500px\" \/><\/p>\n<p>Ce vendredi,01 juillet 2022,les membres du  R\u00e9seau des Animateurs  en Langues Nationales en abr\u00e9g\u00e9 \u00ab\u00a0RALAN \u00a0\u00bb ont anim\u00e9 une conf\u00e9rence de presse au Stade \u00ab\u00a0petit Sory\u00a0\u00bb de Nongo pour parler de l&rsquo;organisation de leur Gala de football  pour  la paix et l&rsquo;unit\u00e9 nationale en Guin\u00e9e, pendant cette p\u00e9riode transitoire.Sous le haut parrainage du pr\u00e9sident directeur G\u00e9n\u00e9ral du Groupe \u00ab\u00a0Guicopres\u00a0\u00bb ,Kerfala \u00ab\u00a0Person\u00a0\u00bb Camara, ce match de Gala d\u00e9nomm\u00e9 \u2039\u2039L&rsquo;unit\u00e9 nationale et la paix\u203a\u203a  se jouera au Stade \u00ab\u00a0petit Sory de Nongo\u00a0\u00bb le Samedi,02  Juillet 2022 \u00e0 partir de 16 heures  GMT. <\/p>\n<p>Selon les organisateurs dudit Gala de football, une \u00e9quipe compos\u00e9e des membres du gouvernement,des leaders politiques et des acteurs de la soci\u00e9t\u00e9 civile sera confront\u00e9e \u00e0 celle du \u00ab\u00a0RALAN\u00a0\u00bb.<\/p>\n<p>Devant de nombreux m\u00e9dias de la place,le president du R\u00e9seau des Animateurs en langues  Nationales (RALAN),  a rappel\u00e9 les objectifs de leur r\u00e9seau. \u2039\u2039Nous sommes une structure de m\u00e9dias qui a pour  objectif principal de  faire la promotion de nos langues d\u2019abord dans nos r\u00e9dactions mais aussi  pour nos  t\u00e9l\u00e9spectateurs, lecteurs  et auditeurs\u203a\u203a, a introduit Sa\u00efdou Ke\u00efta, pr\u00e8sident du r\u00e9seau des Animateurs en langues Nationales.<\/p>\n<p>Avant d&rsquo;expliquer :\u2039\u2039 Notre Reseau s&rsquo;est fix\u00e9 pour objectif de  contribuer  pour une   transition  dans la paix avec  le respect de nos lois et au b\u00e9n\u00e9fice de la Guin\u00e9e.Raison pour laquelle au cours de nos r\u00e9unions nous avions d\u00e9cid\u00e9s  de penser \u00e0 faire quelque chose  au-del\u00e0 de nos \u00e9missions. C\u2019est pourquoi, nous avons estim\u00e9 qu\u2019il serait bon d\u2019organiser un match de football entre les fils de la nation pour qu\u2019on trouve une opportunit\u00e9 de se parler et de se poser des questions par rapport \u00e0 l\u2019avenir de notre pays\u203a\u203a, a- t-il expliqu\u00e9.<\/p>\n<p>\u2039\u2039 On a estim\u00e9 qu\u2019un match de gala de football est un facteur avantageux pour permettre aux  fils  d\u2019une seule nation  de se parler sans craintes\u203a\u203a, a indiqu\u00e9  Sa\u00efdou Ke\u00efta.<\/p>\n<p>Pour sa part,le secr\u00e9taire g\u00e9n\u00e9ral du R\u00e9seau des Animateurs en langues Nationales ,Semah Katroumah Camara, a soulign\u00e9 que le but principal de ce r\u00e9seau, c&rsquo;est  d\u2019engager  tous les efforts pour une meilleure harmonisation des animations sur les sujets d\u2019actualit\u00e9s. <\/p>\n<p>\u2039\u2039 Le RALAN a pour objectif de promouvoir l\u2019union entre les membres du r\u00e9seau.Valoriser nos langues nationales .Contribuer  au renforcement de la paix, de l\u2019unit\u00e9 nationale et de la d\u00e9mocratie;Aider les concitoyens \u00e0 comprendre mieux l\u2019environnement sociopolitique, \u00e9conomique et culturel  de notre pays;Appuyer la   formation des membres du r\u00e9seau et de lutter  contre les d\u00e9rapages  dans les \u00e9missions en langues\u203a\u203a, a conclu le secr\u00e9taire g\u00e9n\u00e9ral du \u00ab\u00a0RALAN\u00a0\u00bb.<\/p>\n<p>Sylla Ibrahima Kalil, pour www.conakrynews.org 625444534<\/p>\n","protected":false},"excerpt":{"rendered":"<p>Ce vendredi,01 juillet 2022,les membres du R\u00e9seau des Animateurs en Langues Nationales en abr\u00e9g\u00e9 \u00ab\u00a0RALAN \u00a0\u00bb ont anim\u00e9 une conf\u00e9rence de presse au Stade \u00ab\u00a0petit Sory\u00a0\u00bb de Nongo pour parler de l&rsquo;organisation de leur Gala de football pour la paix et l&rsquo;unit\u00e9 nationale en Guin\u00e9e, pendant cette p\u00e9riode transitoire.Sous le haut parrainage du pr\u00e9sident directeur [&hellip;]<\/p>\n","protected":false},"author":2,"featured_media":13624,"comment_status":"closed","ping_status":"closed","sticky":false,"template":"","format":"standard","meta":{"footnotes":""},"categories":[64],"tags":[],"class_list":{"0":"post-13622","1":"post","2":"type-post","3":"status-publish","4":"format-standard","5":"has-post-thumbnail","7":"category-sport"},"_links":{"self":[{"href":"https:\/\/conakrynews.org\/index.php\/wp-json\/wp\/v2\/posts\/13622","targetHints":{"allow":["GET"]}}],"collection":[{"href":"https:\/\/conakrynews.org\/index.php\/wp-json\/wp\/v2\/posts"}],"about":[{"href":"https:\/\/conakrynews.org\/index.php\/wp-json\/wp\/v2\/types\/post"}],"author":[{"embeddable":true,"href":"https:\/\/conakrynews.org\/index.php\/wp-json\/wp\/v2\/users\/2"}],"replies":[{"embeddable":true,"href":"https:\/\/conakrynews.org\/index.php\/wp-json\/wp\/v2\/comments?post=13622"}],"version-history":[{"count":0,"href":"https:\/\/conakrynews.org\/index.php\/wp-json\/wp\/v2\/posts\/13622\/revisions"}],"wp:featuredmedia":[{"embeddable":true,"href":"https:\/\/conakrynews.org\/index.php\/wp-json\/wp\/v2\/media\/13624"}],"wp:attachment":[{"href":"https:\/\/conakrynews.org\/index.php\/wp-json\/wp\/v2\/media?parent=13622"}],"wp:term":[{"taxonomy":"category","embeddable":true,"href":"https:\/\/conakrynews.org\/index.php\/wp-json\/wp\/v2\/categories?post=13622"},{"taxonomy":"post_tag","embeddable":true,"href":"https:\/\/conakrynews.org\/index.php\/wp-json\/wp\/v2\/tags?post=13622"}],"curies":[{"name":"wp","href":"https:\/\/api.w.org\/{rel}","templated":true}]}}