{"id":13675,"date":"2022-07-03T21:39:09","date_gmt":"2022-07-03T21:39:09","guid":{"rendered":"https:\/\/conakrynews.org\/?p=13675"},"modified":"2022-07-03T23:23:38","modified_gmt":"2022-07-03T23:23:38","slug":"61-eme-session-ordinaire-de-la-cedeao-des-chefs-detats-demandent-un-nouveau-calendrier-electoral-en-guinee","status":"publish","type":"post","link":"https:\/\/conakrynews.org\/index.php\/61-eme-session-ordinaire-de-la-cedeao-des-chefs-detats-demandent-un-nouveau-calendrier-electoral-en-guinee\/","title":{"rendered":"61 \u00e8me Session ordinaire de la CEDEAO : Des chefs d&rsquo;\u00c9tats demandent  un nouveau calendrier \u00e9lectoral en Guin\u00e9e"},"content":{"rendered":"\n<p>La 61 \u00e8me Session ordinaire des chefs d\u2019Etats  et de gouvernement de la CEDEAO  s&rsquo;est tenue  ce dimanche  dans la capitale Ghan\u00e9enne(Acrra). \u00c0 cette occasion,les d\u00e9l\u00e9gu\u00e9s de l&rsquo;organisation  sous regionnale avaient abord\u00e9  la situation socio-politique de la Guin\u00e9e, un pays dirig\u00e9 par une junte depuis le 5 septembre 2021.<\/p>\n<p>Au terme de cette rencontre, des chefs d&rsquo;\u00c9tats et de Gouvernement de la  CEDEAO par la voix de  Jean Claude Kassi Brou,  demandent aux autorit\u00e9s guin\u00e9ennes de proposer un nouveau calendrier \u00e9lectoral dans  30 jours pour le retour \u00e0 l&rsquo;ordre constitutionnel.Pour faciliter ce travail, les participants ont d\u00e9cid\u00e9 \u00e0 ce que Boni Yayi prenne attache avec la junte guin\u00e9enne.<\/p>\n<p>Contrairement donc \u00e0 certaines rumeurs en pr\u00e9lude de cette rencontre \u00e0 Accra,il y a  pas eu de nouvelles sanctions contre  la junte militaire guin\u00e9enne et son Gouvernement.<\/p>\n<p>Sylla Ibrahima Kalil, pour Conakrynews.org 625444534<\/p>\n","protected":false},"excerpt":{"rendered":"<p>La 61 \u00e8me Session ordinaire des chefs d\u2019Etats et de gouvernement de la CEDEAO s&rsquo;est tenue ce dimanche dans la capitale Ghan\u00e9enne(Acrra). \u00c0 cette occasion,les d\u00e9l\u00e9gu\u00e9s de l&rsquo;organisation sous regionnale avaient abord\u00e9 la situation socio-politique de la Guin\u00e9e, un pays dirig\u00e9 par une junte depuis le 5 septembre 2021. Au terme de cette rencontre, des [&hellip;]<\/p>\n","protected":false},"author":2,"featured_media":13676,"comment_status":"closed","ping_status":"closed","sticky":false,"template":"","format":"standard","meta":{"footnotes":""},"categories":[57],"tags":[],"class_list":{"0":"post-13675","1":"post","2":"type-post","3":"status-publish","4":"format-standard","5":"has-post-thumbnail","7":"category-politique"},"_links":{"self":[{"href":"https:\/\/conakrynews.org\/index.php\/wp-json\/wp\/v2\/posts\/13675","targetHints":{"allow":["GET"]}}],"collection":[{"href":"https:\/\/conakrynews.org\/index.php\/wp-json\/wp\/v2\/posts"}],"about":[{"href":"https:\/\/conakrynews.org\/index.php\/wp-json\/wp\/v2\/types\/post"}],"author":[{"embeddable":true,"href":"https:\/\/conakrynews.org\/index.php\/wp-json\/wp\/v2\/users\/2"}],"replies":[{"embeddable":true,"href":"https:\/\/conakrynews.org\/index.php\/wp-json\/wp\/v2\/comments?post=13675"}],"version-history":[{"count":0,"href":"https:\/\/conakrynews.org\/index.php\/wp-json\/wp\/v2\/posts\/13675\/revisions"}],"wp:featuredmedia":[{"embeddable":true,"href":"https:\/\/conakrynews.org\/index.php\/wp-json\/wp\/v2\/media\/13676"}],"wp:attachment":[{"href":"https:\/\/conakrynews.org\/index.php\/wp-json\/wp\/v2\/media?parent=13675"}],"wp:term":[{"taxonomy":"category","embeddable":true,"href":"https:\/\/conakrynews.org\/index.php\/wp-json\/wp\/v2\/categories?post=13675"},{"taxonomy":"post_tag","embeddable":true,"href":"https:\/\/conakrynews.org\/index.php\/wp-json\/wp\/v2\/tags?post=13675"}],"curies":[{"name":"wp","href":"https:\/\/api.w.org\/{rel}","templated":true}]}}