{"id":13697,"date":"2022-07-04T13:58:20","date_gmt":"2022-07-04T13:58:20","guid":{"rendered":"https:\/\/conakrynews.org\/?p=13697"},"modified":"2022-07-04T14:07:53","modified_gmt":"2022-07-04T14:07:53","slug":"foot-la-can-2023-en-cote-divoire","status":"publish","type":"post","link":"https:\/\/conakrynews.org\/index.php\/foot-la-can-2023-en-cote-divoire\/","title":{"rendered":"Foot: la CAN 2023 en C\u00f4te d&rsquo;Ivoire d\u00e9cal\u00e9e \u00e0 janvier\/f\u00e9vrier 2024"},"content":{"rendered":"<p>La prochaine Coupe d\u2019Afrique des nations (CAN 2023) aura lieu en janvier\/f\u00e9vrier 2024, a annonc\u00e9 la Conf\u00e9d\u00e9ration africaine de football (CAF) ce 3 juillet \u00e0 Rabat. Le pr\u00e9sident de la CAF Patrice Motsepe a mis en avant le climat pour justifier ce report \u00e0 d\u00e9but 2024, \u00e0 l\u2019issue d\u2019une r\u00e9union du Comit\u00e9 ex\u00e9cutif de l\u2019instance.<\/p>\n<p>La Conf\u00e9d\u00e9ration africaine de football (CAF) a pris la d\u00e9cision attendue d\u2019organiser la prochaine Coupe d\u2019Afrique des nations (CAN 2023) en janvier\/f\u00e9vrier 2024 plut\u00f4t qu\u2019en juin\/juillet 2023. Son pr\u00e9sident Patrice Motsepe l\u2019a annonc\u00e9 \u00e0 l\u2019issue d\u2019une r\u00e9union du Comit\u00e9 ex\u00e9cutif (ComEx) organis\u00e9e en marge de la CAN 2022 f\u00e9minine, ce 3 juillet \u00e0 Rabat.<\/p>\n<p>Le Sud-Africain a invoqu\u00e9 le climat en C\u00f4te d\u2019Ivoire pour justifier ce d\u00e9calage. Le patron du foot africain a en revanche assur\u00e9 que les pr\u00e9paratifs ivoiriens pour cette comp\u00e9tition ne sont pas en cause. \u00ab Je dois vous dire que je suis tellement fier du bon travail r\u00e9alis\u00e9 par la C\u00f4te d\u2019Ivoire, avec d\u2019excellents progr\u00e8s, a-t-il d\u00e9clar\u00e9. Le principal probl\u00e8me ici, c\u2019est fondamentalement la pluie, le climat. C\u2019est la seule et unique raison pour laquelle le Comit\u00e9 ex\u00e9cutif de la CAF a d\u00e9cid\u00e9 de d\u00e9placer la CAN en C\u00f4te d\u2019Ivoire en janvier\/f\u00e9vrier 2024 \u00bb. Il ajoute : \u00ab Je pense que cette comp\u00e9tition sera sp\u00e9ciale. \u00bb<\/p>\n<p>\u00ab Ne pas prendre un tel risque \u00bb en jouant en juin\/juillet<br \/>\nPourquoi avoir attendu aussi longtemps pour prendre cette d\u00e9cision alors que juin-juillet correspond \u00e0 la bien connue saison des pluies dans une grande partie des pays du golfe de Guin\u00e9e ? \u00ab Nous avons pris tellement d\u2019avis sur le sujet, justifie Patrice Motsepe. Certaines personnes ont dit : \u00ab il y a le changement climatique, la pluie ne sera donc peut-\u00eatre pas un probl\u00e8me\u00ab  et que nous ne devrions pas nous inqui\u00e9ter. Puis le conseil qui a \u00e9t\u00e9 donn\u00e9 [\u2026] a \u00e9t\u00e9 de ne pas prendre un tel risque \u00bb.<\/p>\n<p>Cette \u00e9dition, comme celle au Cameroun, aura donc lieu en d\u00e9but d\u2019ann\u00e9e civile. Une situation qui risque encore de cr\u00e9er de tr\u00e8s fortes tensions avec les clubs europ\u00e9ens qui emploient massivement les joueurs africains. Les acteurs du foot europ\u00e9ens \u00e9taient ainsi vent debout contre l\u2019organisation de la CAN 2021 en janvier\/f\u00e9vrier 2022. Patrice Motsepe s\u2019en souvient bien et c\u2019est pourquoi il estime difficile d\u2019organiser syst\u00e9matiquement sa comp\u00e9tition-phare \u00e0 cette p\u00e9riode de l\u2019ann\u00e9e. \u00ab Janvier n\u2019est pas une p\u00e9riode id\u00e9ale, car les clubs europ\u00e9ens ne sont pas toujours enclins \u00e0 lib\u00e9rer certains de leurs meilleurs joueurs. Mais en l\u2019\u00e9tat actuel des choses, nous n\u2019avions vraiment pas le choix \u00bb, poursuit-il.<\/p>\n<p>Pas de d\u00e9cision similaire sur la CAN 2025, pour le moment<br \/>\nEnfin, interrog\u00e9 sur le fait que le m\u00eame probl\u00e8me climatique se posera sans doute pour la CAN 2025, pr\u00e9vue en juin\/juillet en Guin\u00e9e, l\u2019homme d\u2019affaires a pr\u00e9f\u00e9r\u00e9 botter en touche. \u00ab Toutes ces probl\u00e9matiques ont \u00e9t\u00e9 et sont suivies de pr\u00e8s par le Comit\u00e9 ex\u00e9cutif. Nous ferons une annonce appropri\u00e9e en temps voulu\u2026 \u00bb<\/p>\n<p>Avec RFI<\/p>\n","protected":false},"excerpt":{"rendered":"<p>La prochaine Coupe d\u2019Afrique des nations (CAN 2023) aura lieu en janvier\/f\u00e9vrier 2024, a annonc\u00e9 la Conf\u00e9d\u00e9ration africaine de football (CAF) ce 3 juillet \u00e0 Rabat. Le pr\u00e9sident de la CAF Patrice Motsepe a mis en avant le climat pour justifier ce report \u00e0 d\u00e9but 2024, \u00e0 l\u2019issue d\u2019une r\u00e9union du Comit\u00e9 ex\u00e9cutif de l\u2019instance. [&hellip;]<\/p>\n","protected":false},"author":2,"featured_media":13698,"comment_status":"closed","ping_status":"closed","sticky":false,"template":"","format":"standard","meta":{"footnotes":""},"categories":[64],"tags":[],"class_list":{"0":"post-13697","1":"post","2":"type-post","3":"status-publish","4":"format-standard","5":"has-post-thumbnail","7":"category-sport"},"_links":{"self":[{"href":"https:\/\/conakrynews.org\/index.php\/wp-json\/wp\/v2\/posts\/13697","targetHints":{"allow":["GET"]}}],"collection":[{"href":"https:\/\/conakrynews.org\/index.php\/wp-json\/wp\/v2\/posts"}],"about":[{"href":"https:\/\/conakrynews.org\/index.php\/wp-json\/wp\/v2\/types\/post"}],"author":[{"embeddable":true,"href":"https:\/\/conakrynews.org\/index.php\/wp-json\/wp\/v2\/users\/2"}],"replies":[{"embeddable":true,"href":"https:\/\/conakrynews.org\/index.php\/wp-json\/wp\/v2\/comments?post=13697"}],"version-history":[{"count":0,"href":"https:\/\/conakrynews.org\/index.php\/wp-json\/wp\/v2\/posts\/13697\/revisions"}],"wp:featuredmedia":[{"embeddable":true,"href":"https:\/\/conakrynews.org\/index.php\/wp-json\/wp\/v2\/media\/13698"}],"wp:attachment":[{"href":"https:\/\/conakrynews.org\/index.php\/wp-json\/wp\/v2\/media?parent=13697"}],"wp:term":[{"taxonomy":"category","embeddable":true,"href":"https:\/\/conakrynews.org\/index.php\/wp-json\/wp\/v2\/categories?post=13697"},{"taxonomy":"post_tag","embeddable":true,"href":"https:\/\/conakrynews.org\/index.php\/wp-json\/wp\/v2\/tags?post=13697"}],"curies":[{"name":"wp","href":"https:\/\/api.w.org\/{rel}","templated":true}]}}