{"id":13733,"date":"2022-07-06T11:09:19","date_gmt":"2022-07-06T11:09:19","guid":{"rendered":"https:\/\/conakrynews.org\/?p=13733"},"modified":"2022-07-06T16:11:26","modified_gmt":"2022-07-06T16:11:26","slug":"me-traore-sur-larrestation-de-fonike-mengue-et-cie","status":"publish","type":"post","link":"https:\/\/conakrynews.org\/index.php\/me-traore-sur-larrestation-de-fonike-mengue-et-cie\/","title":{"rendered":"Me Traor\u00e9 sur l&rsquo;arrestation de Fonik\u00e9 Mengu\u00e8  et Cie"},"content":{"rendered":"<p>Depuis l&rsquo;arrestation muscul\u00e9e de deux membres actifs du FNDC  par des \u00e9l\u00e9ments de la Direction Centrale de la Police judiciaire (DPJ)  dans la journ\u00e9e d&rsquo;hier, des Guin\u00e9ens continuent  a  manifest\u00e9 leur m\u00e9contentement et leur indignation face \u00e0 ce spectacle que d&rsquo;autres qualifient deja \u00ab\u00a0d\u00e9shonorant\u00a0\u00bb.<\/p>\n<p>Cette arrestation serait instruit  par  le procureur g\u00e9n\u00e9ral pr\u00e8s la cour d\u2019appel de Conakry, Alphonse Charles Wright.<\/p>\n<p>Sur l&rsquo;arrestation de Fonik\u00e9 mengue et de l&rsquo;artiste Djani\u00ee Alpha, tous membres du Front national pour la D\u00e9fense de la Constitution (FNDC), l\u2019ancien b\u00e2tonnier de l\u2019ordre des avocats, Me Mohamed Traor\u00e9, a d\u00e9clar\u00e9 :\u2039\u2039Je suis tr\u00e8s choqu\u00e9 par cette image qui d\u00e9file en boucle sur la toile. Je ne m\u2019attendais vraiment pas \u00e0 voir ce genre de choses en Guin\u00e9e apr\u00e8s le coup d\u2019Etat. C\u2019est vrai qu\u2019il y a eu des arrestations en dehors de toute proc\u00e9dure, mais qu\u2019une personne ne soit tra\u00een\u00e9e de la sorte et violent\u00e9e devant des cam\u00e9ras, c\u2019est une premi\u00e8re\u201d,  a -t-il d\u00e9clar\u00e9. <\/p>\n<p>Avant de pr\u00e9ciser   que l\u2019injure est une infraction qui peut aboutir  \u00e0 des poursuites judiciaires  par des services comp\u00e9tents en la mati\u00e8re.\u2039\u2039L\u2019injure est une infraction, la reproduction d\u2019une injure est une infraction. Mais la question que je me pose est de savoir si des poursuites peuvent \u00eatre engag\u00e9es sans une plainte pr\u00e9alable du CNT. J\u2019ai entendu le procureur g\u00e9n\u00e9ral dire qu\u2019il est possible que des poursuites soient engag\u00e9es pour injures sans aucune plainte pr\u00e9alable. Moi je dis que c\u2019est une contre-v\u00e9rit\u00e9 absolue\u201d, a  d\u00e9nonc\u00e9  l&rsquo;ancien  B\u00e2tonnier de ordre des Avocats de Guin\u00e9e.<\/p>\n<p>Pour mettre un terme \u00e0 ses propos,il a dit :\u2039\u2039 nous sommes en train de tomber dans un populisme judiciaire qui risque d\u2019avoir des cons\u00e9quences assez n\u00e9fastes sur les libert\u00e9s individuelles. Nous devons faire attention\u203a\u203a. <\/p>\n<p>Sylla Ibrahima Kalil, pour www.conakrynews.org 625444534<\/p>\n","protected":false},"excerpt":{"rendered":"<p>Depuis l&rsquo;arrestation muscul\u00e9e de deux membres actifs du FNDC par des \u00e9l\u00e9ments de la Direction Centrale de la Police judiciaire (DPJ) dans la journ\u00e9e d&rsquo;hier, des Guin\u00e9ens continuent a manifest\u00e9 leur m\u00e9contentement et leur indignation face \u00e0 ce spectacle que d&rsquo;autres qualifient deja \u00ab\u00a0d\u00e9shonorant\u00a0\u00bb. Cette arrestation serait instruit par le procureur g\u00e9n\u00e9ral pr\u00e8s la cour [&hellip;]<\/p>\n","protected":false},"author":2,"featured_media":13735,"comment_status":"closed","ping_status":"closed","sticky":false,"template":"","format":"standard","meta":{"footnotes":""},"categories":[58],"tags":[],"class_list":{"0":"post-13733","1":"post","2":"type-post","3":"status-publish","4":"format-standard","5":"has-post-thumbnail","7":"category-societe"},"_links":{"self":[{"href":"https:\/\/conakrynews.org\/index.php\/wp-json\/wp\/v2\/posts\/13733","targetHints":{"allow":["GET"]}}],"collection":[{"href":"https:\/\/conakrynews.org\/index.php\/wp-json\/wp\/v2\/posts"}],"about":[{"href":"https:\/\/conakrynews.org\/index.php\/wp-json\/wp\/v2\/types\/post"}],"author":[{"embeddable":true,"href":"https:\/\/conakrynews.org\/index.php\/wp-json\/wp\/v2\/users\/2"}],"replies":[{"embeddable":true,"href":"https:\/\/conakrynews.org\/index.php\/wp-json\/wp\/v2\/comments?post=13733"}],"version-history":[{"count":0,"href":"https:\/\/conakrynews.org\/index.php\/wp-json\/wp\/v2\/posts\/13733\/revisions"}],"wp:featuredmedia":[{"embeddable":true,"href":"https:\/\/conakrynews.org\/index.php\/wp-json\/wp\/v2\/media\/13735"}],"wp:attachment":[{"href":"https:\/\/conakrynews.org\/index.php\/wp-json\/wp\/v2\/media?parent=13733"}],"wp:term":[{"taxonomy":"category","embeddable":true,"href":"https:\/\/conakrynews.org\/index.php\/wp-json\/wp\/v2\/categories?post=13733"},{"taxonomy":"post_tag","embeddable":true,"href":"https:\/\/conakrynews.org\/index.php\/wp-json\/wp\/v2\/tags?post=13733"}],"curies":[{"name":"wp","href":"https:\/\/api.w.org\/{rel}","templated":true}]}}