{"id":13779,"date":"2022-07-07T20:07:13","date_gmt":"2022-07-07T20:07:13","guid":{"rendered":"https:\/\/conakrynews.org\/?p=13779"},"modified":"2022-07-08T09:43:18","modified_gmt":"2022-07-08T09:43:18","slug":"urgent-une-nouvelle-convocation-pour-le-president-de-lufdg","status":"publish","type":"post","link":"https:\/\/conakrynews.org\/index.php\/urgent-une-nouvelle-convocation-pour-le-president-de-lufdg\/","title":{"rendered":"CRIEF: Une nouvelle convocation pour le pr\u00e9sident de l&rsquo;UFDG"},"content":{"rendered":"<p>Apr\u00e8s une premi\u00e8re convocation de la Cour de R\u00e9pression des Infractions \u00c9conomiques et financi\u00e8res (CRIEF,  nous venons  d&rsquo;apprendre que  l&rsquo;institution judiciaire dirig\u00e9e par le procureur g\u00e9n\u00e9ral Aly  Tour\u00e9, vient de d\u00e9poser une nouvelle convocation au pr\u00e9sident de l&rsquo;Union Des Forces R\u00e9publicaine (UFDG) Cellou Dalein Diallo.<\/p>\n<p>Selon nos informations,cette convocation a \u00e9t\u00e9 d\u00e9pos\u00e9e chez le chef de quartier de  Kaporo,dans la Commune de Ratoma.<\/p>\n<p>Absent du pays de plusieurs mois d\u00e9j\u00e0, il  est  a   signal\u00e9  que  depuis son d\u00e9part \u00e0  sa  r\u00e9sidence priv\u00e9e de Dixinn suite \u00e0 la demande du Gouvernement de la transition, le  leader de l&rsquo;UFDG vit d\u00e9sormais \u00e0 Kaporo.<\/p>\n<p>Reste \u00e0 savoir maintenant entre K\u00f4t\u00f4  Cellou et la CRIEF, qui va tomber ?<\/p>\n<p>Sylla Ibrahima Kalil, pour www.conakrynews.org 625444534<\/p>\n","protected":false},"excerpt":{"rendered":"<p>Apr\u00e8s une premi\u00e8re convocation de la Cour de R\u00e9pression des Infractions \u00c9conomiques et financi\u00e8res (CRIEF, nous venons d&rsquo;apprendre que l&rsquo;institution judiciaire dirig\u00e9e par le procureur g\u00e9n\u00e9ral Aly Tour\u00e9, vient de d\u00e9poser une nouvelle convocation au pr\u00e9sident de l&rsquo;Union Des Forces R\u00e9publicaine (UFDG) Cellou Dalein Diallo. Selon nos informations,cette convocation a \u00e9t\u00e9 d\u00e9pos\u00e9e chez le chef [&hellip;]<\/p>\n","protected":false},"author":2,"featured_media":13781,"comment_status":"closed","ping_status":"closed","sticky":false,"template":"","format":"standard","meta":{"footnotes":""},"categories":[58],"tags":[],"class_list":{"0":"post-13779","1":"post","2":"type-post","3":"status-publish","4":"format-standard","5":"has-post-thumbnail","7":"category-societe"},"_links":{"self":[{"href":"https:\/\/conakrynews.org\/index.php\/wp-json\/wp\/v2\/posts\/13779","targetHints":{"allow":["GET"]}}],"collection":[{"href":"https:\/\/conakrynews.org\/index.php\/wp-json\/wp\/v2\/posts"}],"about":[{"href":"https:\/\/conakrynews.org\/index.php\/wp-json\/wp\/v2\/types\/post"}],"author":[{"embeddable":true,"href":"https:\/\/conakrynews.org\/index.php\/wp-json\/wp\/v2\/users\/2"}],"replies":[{"embeddable":true,"href":"https:\/\/conakrynews.org\/index.php\/wp-json\/wp\/v2\/comments?post=13779"}],"version-history":[{"count":0,"href":"https:\/\/conakrynews.org\/index.php\/wp-json\/wp\/v2\/posts\/13779\/revisions"}],"wp:featuredmedia":[{"embeddable":true,"href":"https:\/\/conakrynews.org\/index.php\/wp-json\/wp\/v2\/media\/13781"}],"wp:attachment":[{"href":"https:\/\/conakrynews.org\/index.php\/wp-json\/wp\/v2\/media?parent=13779"}],"wp:term":[{"taxonomy":"category","embeddable":true,"href":"https:\/\/conakrynews.org\/index.php\/wp-json\/wp\/v2\/categories?post=13779"},{"taxonomy":"post_tag","embeddable":true,"href":"https:\/\/conakrynews.org\/index.php\/wp-json\/wp\/v2\/tags?post=13779"}],"curies":[{"name":"wp","href":"https:\/\/api.w.org\/{rel}","templated":true}]}}