{"id":13790,"date":"2022-07-08T09:56:10","date_gmt":"2022-07-08T09:56:10","guid":{"rendered":"https:\/\/conakrynews.org\/?p=13790"},"modified":"2022-07-08T09:56:10","modified_gmt":"2022-07-08T09:56:10","slug":"guinee-compte-rendu-du-conseil-des-ministres-du-jeudi07-juillet-2022","status":"publish","type":"post","link":"https:\/\/conakrynews.org\/index.php\/guinee-compte-rendu-du-conseil-des-ministres-du-jeudi07-juillet-2022\/","title":{"rendered":"Guin\u00e9e : Compte rendu du Conseil des ministres du jeudi,07 Juillet 2022"},"content":{"rendered":"<p>La Session ordinaire du Conseil des ministres s\u2019est tenue ce jeudi 07 juillet 2022 de 10H \u00e0 12H, sous la haute autorit\u00e9 de son Excellence Monsieur le Pr\u00e9sident du CNRD, Pr\u00e9sident de la Transition, Chef de l\u2019Etat, Chef Supr\u00eame des Arm\u00e9es, Colonel Mamadi DOUMBOUYA.<\/p>\n<p>Les points suivants \u00e9taient inscrits \u00e0 l\u2019ordre du jour :<br \/>\nI. MESSAGE DE SON EXCELLENCE MONSIEUR LE PRESIDENT DE LA TRANSITION.<br \/>\nII. COMPTE RENDU DE LA SESSION ORDINAIRE DU CONSEIL INTERMINIST\u00c9RIEL<br \/>\nDU MARDI 05 JUILLET 2022.<br \/>\nIII. D\u00c9CISIONS DU CONSEIL DES MINISTRES<br \/>\nIV. DIVERS.<br \/>\nI. MESSAGE DE SON EXCELLENCE MONSIEUR LE PR\u00c9SIDENT DE LA TRANSITION.<br \/>\nLe message de son Excellence Monsieur le Pr\u00e9sident du CNRD, Pr\u00e9sident de la Transition, Chef de l\u2019Etat, Chef Supr\u00eame des Arm\u00e9es, Colonel Mamadi DOUMBOUYA, a principalement port\u00e9 sur L\u2019inondation.<br \/>\nLe Pr\u00e9sident de la Transition a regrett\u00e9 avoir constat\u00e9 les d\u00e9g\u00e2ts mat\u00e9riels importants des pluies diluviennes qui se sont abattues lundi dernier sur Conakry.<br \/>\nOutre l\u2019origine naturelle, le Chef de l\u2019\u00c9tat a aussi signal\u00e9 les comportements n\u00e9fastes et inciviques des populations sur l\u2019environnement \u00e0 travers les jets anarchiques des ordures dans les caniveaux, emp\u00eachant l\u2019\u00e9vacuation normale des eaux.<br \/>\nLe Pr\u00e9sident de la Transition a instruit les ministres de l\u2019Administration du Territoire, de l\u2019Urbanisme, de l\u2019Environnement, de la S\u00e9curit\u00e9, de La D\u00e9fense, et de la Sant\u00e9, \u00e0 prendre dans un bref d\u00e9lai, toutes les dispositions pour apporter des solutions idoines \u00e0 cette probl\u00e9matique.<br \/>\nII. COMPTE RENDU DU CONSEIL INTERMINIST\u00c9RIEL<br \/>\nAu titre des communications :<br \/>\nMadame la ministre de l\u2019Information et de la Communication assurant l\u2019int\u00e9rim de Madame la ministre des Postes, des T\u00e9l\u00e9communications et de l\u2019\u00c9conomie num\u00e9rique, a fait une communication relative aux difficult\u00e9s ou probl\u00e9matiques rencontr\u00e9es par l\u2019Agence Nationale de Digitalisation de l\u2019\u00c9tat (ANDE), dans le cadre de ses missions et les pistes de solutions.<br \/>\nLa ministre a rappel\u00e9 toute l\u2019importance que rev\u00eat la digitalisation des services de l\u2019\u00c9tat, \u00e0 savoir qu\u2019elle contribue \u00e0 une meilleure gouvernance, assure une \u00e9vidente transparence, et favorise un meilleur suivi-\u00e9valuation, du point de vue politique, social et \u00e9conomique, mais aussi et surtout, qu\u2019elle permet de cr\u00e9er les conditions d\u2019une acc\u00e9l\u00e9ration du d\u00e9veloppement et de la transformation sociale et \u00e9conomique de la R\u00e9publique de Guin\u00e9e.<br \/>\nLe ministre du Travail et de la Fonction publique a fait une communication relative aux r\u00e9sultats obtenus \u00e0 mi-parcours dans cadre de l\u2019Assainissement du Fichier de gestion administrative (FGA)<br \/>\nNotamment :<br \/>\nL\u2019organisation de missions spontan\u00e9es de contr\u00f4le de pr\u00e9sences et de dossiers au niveau des services centraux et d\u00e9concentr\u00e9s en vue de d\u00e9tecter, de corriger les anomalies et les irr\u00e9gularit\u00e9s dans le FGA (d\u00e9c\u00e8s, en activit\u00e9 non d\u00e9clar\u00e9s, abandons de poste, doublons et double mandatement ;<br \/>\nLe recours aux fichiers natifs 1985 et 1990 pour d\u00e9tecter les cas dissimul\u00e9s d\u2019agents ayant atteint l\u2019\u00e2ge de la retraite ;<br \/>\nL\u2019annulation syst\u00e9matique de tous les cas de compensations;<br \/>\nLa d\u00e9tection et la suppression de tous les cas de primes indues dans le FGA;<br \/>\nLe contr\u00f4le physique des fonctionnaires non post\u00e9s en vue de proc\u00e9der \u00e0 leur red\u00e9ploiement dans les services d\u00e9concentr\u00e9s pour combler les postes vacants ;<br \/>\nLa d\u00e9connexion spontan\u00e9e en d\u00e9but d\u2019ann\u00e9e 2022 de 178 comptes d\u2019utilisateurs d\u2019acc\u00e8s au FGA, principale source de tripatouillage et de corruption du Fichier.<br \/>\nLes ministres du Secteur de l\u2019Education ont fait une communication conjointe relative au Plan Strat\u00e9gique de l\u2019\u00c9ducation pour la p\u00e9riode 2022-2025<br \/>\nMadame la ministre de l\u2019Enseignement Sup\u00e9rieur, de la Recherche scientifique et de l\u2019Innovation a, au nom de ses coll\u00e8gues des trois d\u00e9partements du secteur de l\u2019\u00e9ducation, inform\u00e9 que ce plan strat\u00e9gique consacre la volont\u00e9 politique du CNRD et de son Pr\u00e9sident, Son Excellence Colonel Mamadi DOUMBOUYA, Pr\u00e9sident de la Transition, Chef de l\u2019Etat, Chef Supr\u00eame des Arm\u00e9es ainsi que du gouvernement, d\u2019accorder une priorit\u00e9 accrue au secteur de l\u2019\u00e9ducation, de la formation et de la recherche pour consolider l\u2019approche sectorielle en vue de contribuer \u00e0 un d\u00e9veloppement du syst\u00e8me \u00e9ducatif.<br \/>\nIII. DECISIONS<br \/>\nS\u2019agissant du minist\u00e8re des Postes, des T\u00e9l\u00e9communications et de l\u2019\u00c9conomie num\u00e9rique sur sa<br \/>\nCommunication relative aux difficult\u00e9s ou probl\u00e9matiques rencontr\u00e9es par l\u2019Agence Nationale de Digitalisation de l\u2019Etat (ANDE),<br \/>\nLe Conseil a d\u00e9cid\u00e9 :<br \/>\nDe renforcer la coordination gouvernementale autour de l\u2019ANDE ;<br \/>\nDe d\u00e9finir la strat\u00e9gie nationale de digitalisation ;<br \/>\nDe cr\u00e9er un Conseil National de la Digitalisation plac\u00e9 sous l\u2019autorit\u00e9 de la Primature ;<br \/>\nDe mettre en place un Conseil d\u2019administration ;<br \/>\nDe renforcer le profil technique en termes de ressources humaines et d\u2019\u00e9quipements de l\u2019ANDE ;<br \/>\nDe d\u00e9centraliser l\u2019ANDE dans chaque d\u00e9partement minist\u00e9riel ;<br \/>\nDe d\u00e9finir un cadre de coordination qui responsabilise l\u2019ANDE dans l\u2019achat des biens et services qui sont communs \u00e0 l\u2019ensemble du gouvernement ;<br \/>\nPour ce qui est du minist\u00e8re du Travail et de la Fonction publique<br \/>\nCommunication relative aux r\u00e9sultats obtenus \u00e0 mi-parcours dans le cadre de l\u2019assainissement du fichier de gestion administrative (FGA).<br \/>\nLe Conseil a d\u00e9cid\u00e9 :<br \/>\nD\u2019engager urgemment le processus de biom\u00e9trisation et de digitalisation du fichier de la fonction publique et des contractuels ;<br \/>\nDe s\u2019appuyer sur les exp\u00e9riences de l\u2019arm\u00e9e et les associer \u00e9troitement dans la mise en \u0153uvre de ce processus.<br \/>\nD\u2019inviter tous les ministres \u00e0 faire le travail pr\u00e9liminaire d\u2019assainissement des fichiers relevant de leurs d\u00e9partements respectifs ;<br \/>\nDe rationaliser les politiques d\u2019emploi et le processus de nomination dans les emplois publics en mettant l\u2019accent sur les plans de carri\u00e8re ;<br \/>\nDe renforcer l\u2019\u00e9cole nationale d\u2019administration ;<br \/>\nD\u2019appuyer financi\u00e8rement le minist\u00e8re du Travail et de la Fonction publique afin qu\u2019il puisse assurer efficacement sa mission.<br \/>\nEnfin pour la communication conjointe des ministres du secteur de l\u2019Education, relative au Plan Strat\u00e9gique de l\u2019\u00c9ducation pour la p\u00e9riode 2022-2025<br \/>\nLe Conseil a d\u00e9cid\u00e9 :<br \/>\nPour l\u2019Enseignement Pr\u00e9-universitaire<br \/>\nDe garantir l\u2019acc\u00e8s \u00e0 une \u00e9ducation pr\u00e9scolaire, primaire et secondaire de qualit\u00e9 ;<br \/>\nD\u2019am\u00e9liorer la qualit\u00e9 de l\u2019offre de l\u2019\u00e9ducation et de la gouvernance.<br \/>\nPour l\u2019Enseignement Technique,<br \/>\nD\u2019apporter un regard au cadre l\u00e9gal et \u00e0 la gouvernance en r\u00e9formant toutes les institutions nationales ;<br \/>\nDe prendre en charge la construction des Infrastructures publiques, la mise en place effective de la connectivit\u00e9 et d\u2019un syst\u00e8me d\u2019assainissement \u00e0 travers le renforcement des capacit\u00e9s d\u2019offres de services sociaux de base et la transition num\u00e9rique du pays ;<br \/>\nDe prendre en compte les aspects sociaux \u00e0 travers l\u2019insertion socioprofessionnelle des jeunes.<br \/>\nPour l\u2019Enseignement Sup\u00e9rieur<br \/>\nD\u2019am\u00e9liorer le pilotage, la gouvernance, la coop\u00e9ration et le syst\u00e8me d\u2019information ;<br \/>\nD\u2019accro\u00eetre des capacit\u00e9s d\u2019accueil dans le syst\u00e8me universitaire ;<br \/>\nD\u2019int\u00e9grer l\u2019innovation dans le syst\u00e8me d\u2019enseignement sup\u00e9rieur et de la recherche scientifique ;<br \/>\nD\u2019am\u00e9liorer l\u2019offre de formation dans les Instituts d\u2019Enseignement Sup\u00e9rieur (IES) et ;<br \/>\nDe relancer et revaloriser la recherche.<br \/>\nLe Conseil a \u00e9galement d\u00e9cid\u00e9 :<br \/>\nD\u2019approfondir la r\u00e9flexion tendant \u00e0 la mise en place d\u2019un m\u00e9canisme d\u2019accompagnement des \u00e9l\u00e8ves en difficult\u00e9s scolaires ;<br \/>\nD\u2019assouplir le mode de financement du syst\u00e8me \u00e9ducatif ;<br \/>\nD\u2019int\u00e9grer dans le syst\u00e8me d\u2019enseignement, les personnes disposant d\u2019un titre de masters et ou de doctorat;<br \/>\nDe cr\u00e9er des fili\u00e8res d\u2019\u00e9lites dans le syst\u00e8me d\u2019enseignement en y encourageant l\u2019apport du priv\u00e9 ;<br \/>\nDe porter dans un premier temps, la part budg\u00e9taire dans le financement de l\u2019\u00e9ducation de 12 \u00e0 15%.<br \/>\nIV. AU TITRE DES DIVERS.<br \/>\nEn accord avec les recommandations du Pr\u00e9sident de la Transition et du Premier Ministre , le ministre de l\u2019Administration du Territoire et de la D\u00e9centralisation, a propos\u00e9 une gestion commune de la situation cr\u00e9\u00e9e par les inondations cons\u00e9cutives aux pluies diluviennes de ces derniers jours.<br \/>\nLe Chef du gouvernement a aussi instruit le ministre de l\u2019\u00c9conomie et des Finances de consacrer l\u2019essentiel des fonds exceptionnels aux secteurs de l\u2019eau et de l\u2019assainissement.<br \/>\nLe ministre Secr\u00e9taire G\u00e9n\u00e9ral de la Pr\u00e9sidence de la R\u00e9publique a fait savoir que toute proposition de nomination ou celle portant Attribution, Organisation ou Fonctionnement d\u2019une structure par d\u00e9cret doit tout aussi \u00eatre accompagn\u00e9e par un expos\u00e9 des motifs \u00e0 la diligence du ministre Secr\u00e9taire G\u00e9n\u00e9ral du gouvernement, suivi d\u2019une transmission par version \u00e9lectronique \u00e0 l\u2019adresse e-mail de la Pr\u00e9sidence de la R\u00e9publique.<br \/>\nLe ministre de l\u2019Administration du Territoire et de la D\u00e9centralisation a inform\u00e9 le Conseil des graves accidents survenus ces derniers temps dans la pr\u00e9fecture de Macenta entra\u00eenant des pertes en vies humaines et plusieurs bless\u00e9s graves. Le Pr\u00e9sident de la Transition a d\u00e9plor\u00e9 lesdites pertes et a pr\u00e9sent\u00e9, au nom du gouvernement et du peuple de Guin\u00e9e, ses condol\u00e9ances les plus attrist\u00e9es.<br \/>\nLe ministre du Commerce a attir\u00e9 l\u2019attention des membres du gouvernement sur la n\u00e9cessit\u00e9 de proc\u00e9der \u00e0 la pose des compteurs dans la r\u00e9gion de N\u2019z\u00e9r\u00e9kor\u00e9, suite \u00e0 la disponibilit\u00e9 de l\u2019\u00e9lectricit\u00e9 rendue possible par l\u2019interconnexion avec la C\u00f4te d\u2019Ivoire.<br \/>\nLa ministre de l\u2019Environnement a annonc\u00e9 au Conseil l\u2019obtention par son d\u00e9partement, d\u2019un financement de l\u2019AFD d\u2019un montant de cinq millions d\u2019euros pour la r\u00e9habilitation de la for\u00eat de ZIAMA.<br \/>\nLe ministre des Affaires \u00e9trang\u00e8res a fait l\u2019\u00e9tat de la situation de gr\u00e8ve des \u00e9tudiants boursiers du Maroc qui font un sit-in dans les locaux de l\u2019Ambassade. Le ministre Secr\u00e9taire G\u00e9n\u00e9ral de la Pr\u00e9sidence a rassur\u00e9 que toutes les dispositions sont prises pour r\u00e9gler ce probl\u00e8me.<br \/>\nLa ministre de l\u2019Enseignement Sup\u00e9rieur a inform\u00e9 le Conseil, du lancement du projet de r\u00e9forme des programmes de formation dans les Institutions d\u2019Enseignement Sup\u00e9rieur pour une meilleure ad\u00e9quation formation-emploi.<br \/>\nConakry, le 07 Juillet 2022<br \/>\nLe conseil.<br \/>\nSecr\u00e9tariat G\u00e9n\u00e9ral du Gouvernement.<\/p>\n","protected":false},"excerpt":{"rendered":"<p>La Session ordinaire du Conseil des ministres s\u2019est tenue ce jeudi 07 juillet 2022 de 10H \u00e0 12H, sous la haute autorit\u00e9 de son Excellence Monsieur le Pr\u00e9sident du CNRD, Pr\u00e9sident de la Transition, Chef de l\u2019Etat, Chef Supr\u00eame des Arm\u00e9es, Colonel Mamadi DOUMBOUYA. Les points suivants \u00e9taient inscrits \u00e0 l\u2019ordre du jour : I. [&hellip;]<\/p>\n","protected":false},"author":2,"featured_media":0,"comment_status":"closed","ping_status":"closed","sticky":false,"template":"","format":"standard","meta":{"footnotes":""},"categories":[57],"tags":[],"class_list":{"0":"post-13790","1":"post","2":"type-post","3":"status-publish","4":"format-standard","6":"category-politique"},"_links":{"self":[{"href":"https:\/\/conakrynews.org\/index.php\/wp-json\/wp\/v2\/posts\/13790","targetHints":{"allow":["GET"]}}],"collection":[{"href":"https:\/\/conakrynews.org\/index.php\/wp-json\/wp\/v2\/posts"}],"about":[{"href":"https:\/\/conakrynews.org\/index.php\/wp-json\/wp\/v2\/types\/post"}],"author":[{"embeddable":true,"href":"https:\/\/conakrynews.org\/index.php\/wp-json\/wp\/v2\/users\/2"}],"replies":[{"embeddable":true,"href":"https:\/\/conakrynews.org\/index.php\/wp-json\/wp\/v2\/comments?post=13790"}],"version-history":[{"count":0,"href":"https:\/\/conakrynews.org\/index.php\/wp-json\/wp\/v2\/posts\/13790\/revisions"}],"wp:attachment":[{"href":"https:\/\/conakrynews.org\/index.php\/wp-json\/wp\/v2\/media?parent=13790"}],"wp:term":[{"taxonomy":"category","embeddable":true,"href":"https:\/\/conakrynews.org\/index.php\/wp-json\/wp\/v2\/categories?post=13790"},{"taxonomy":"post_tag","embeddable":true,"href":"https:\/\/conakrynews.org\/index.php\/wp-json\/wp\/v2\/tags?post=13790"}],"curies":[{"name":"wp","href":"https:\/\/api.w.org\/{rel}","templated":true}]}}