{"id":13792,"date":"2022-07-08T16:18:35","date_gmt":"2022-07-08T16:18:35","guid":{"rendered":"https:\/\/conakrynews.org\/?p=13792"},"modified":"2022-07-08T16:19:19","modified_gmt":"2022-07-08T16:19:19","slug":"angola-deces-de-jose-eduardo-dos-santos-en-espagne","status":"publish","type":"post","link":"https:\/\/conakrynews.org\/index.php\/angola-deces-de-jose-eduardo-dos-santos-en-espagne\/","title":{"rendered":"Angola : D\u00e9c\u00e8s de Jos\u00e9 Eduardo dos Santos en Espagne"},"content":{"rendered":"<p>Dans une note de la pr\u00e9sidence de la R\u00e9publique agolaise, nous avons appris que Jos\u00e9 Eduardo dos Santos, ex-chef d\u2019\u00c9tat de l\u2019Angola, est d\u00e9c\u00e9d\u00e9 le vendredi 8 juillet \u00e0 11 heures 10 en Espagne. Son d\u00e9c\u00e8s a \u00e9t\u00e9 certifi\u00e9 par le bulletin m\u00e9dical de la clinique \u00e0 Barcelone. Il a succomb\u00e9 des suites d\u2019une longue maladie ajoute la note.<\/p>\n<p>\u00ab L\u2019ex\u00e9cutif de la R\u00e9publique d\u2019Angola s\u2019incline, avec le plus grand respect et consid\u00e9ration, devant la figure d\u2019un homme d\u2019\u00c9tat de grande dimension historique, qui a gouvern\u00e9 pendant de nombreuses ann\u00e9es avec clairvoyance et humanisme les destin\u00e9es de la Nation angolaise, dans des moments tr\u00e8s difficiles \u00bb, indiquent les autorit\u00e9s angolaises.<\/p>\n<p>Par ailleurs, \u00ab l\u2019ex\u00e9cutif de la R\u00e9publique d\u2019Angola pr\u00e9sente ses plus profonds sentiments de tristesse \u00e0 la famille endeuill\u00e9e et lance un appel \u00e0 la s\u00e9r\u00e9nit\u00e9 de chacun en ce moment de douleur et de consternation \u00bb.<\/p>\n<p>N\u00e9 le 28 ao\u00fbt 2022 \u00e0 Luanda, pr\u00e9cis\u00e9ment \u00e0 Sambizanga, Jos\u00e9 Eduardo dos Santos a pris la t\u00eate de l\u2019Angola le 21 septembre 1979. Il a pass\u00e9 38 ans au pouvoir. En 2017, dos Santos a d\u00e9cid\u00e9 de ne pas briguer un autre mandat \u00e0 la pr\u00e9sidentielle du 23 ao\u00fbt 2017. Toutefois, il demeure le chef du MPLA (Mouvement populaire pour la lib\u00e9ration de l\u2019Angola).<\/p>\n<p>Source : Afriquevision7ci<\/p>\n","protected":false},"excerpt":{"rendered":"<p>Dans une note de la pr\u00e9sidence de la R\u00e9publique agolaise, nous avons appris que Jos\u00e9 Eduardo dos Santos, ex-chef d\u2019\u00c9tat de l\u2019Angola, est d\u00e9c\u00e9d\u00e9 le vendredi 8 juillet \u00e0 11 heures 10 en Espagne. Son d\u00e9c\u00e8s a \u00e9t\u00e9 certifi\u00e9 par le bulletin m\u00e9dical de la clinique \u00e0 Barcelone. Il a succomb\u00e9 des suites d\u2019une longue [&hellip;]<\/p>\n","protected":false},"author":2,"featured_media":13794,"comment_status":"closed","ping_status":"closed","sticky":false,"template":"","format":"standard","meta":{"footnotes":""},"categories":[58],"tags":[],"class_list":{"0":"post-13792","1":"post","2":"type-post","3":"status-publish","4":"format-standard","5":"has-post-thumbnail","7":"category-societe"},"_links":{"self":[{"href":"https:\/\/conakrynews.org\/index.php\/wp-json\/wp\/v2\/posts\/13792","targetHints":{"allow":["GET"]}}],"collection":[{"href":"https:\/\/conakrynews.org\/index.php\/wp-json\/wp\/v2\/posts"}],"about":[{"href":"https:\/\/conakrynews.org\/index.php\/wp-json\/wp\/v2\/types\/post"}],"author":[{"embeddable":true,"href":"https:\/\/conakrynews.org\/index.php\/wp-json\/wp\/v2\/users\/2"}],"replies":[{"embeddable":true,"href":"https:\/\/conakrynews.org\/index.php\/wp-json\/wp\/v2\/comments?post=13792"}],"version-history":[{"count":0,"href":"https:\/\/conakrynews.org\/index.php\/wp-json\/wp\/v2\/posts\/13792\/revisions"}],"wp:featuredmedia":[{"embeddable":true,"href":"https:\/\/conakrynews.org\/index.php\/wp-json\/wp\/v2\/media\/13794"}],"wp:attachment":[{"href":"https:\/\/conakrynews.org\/index.php\/wp-json\/wp\/v2\/media?parent=13792"}],"wp:term":[{"taxonomy":"category","embeddable":true,"href":"https:\/\/conakrynews.org\/index.php\/wp-json\/wp\/v2\/categories?post=13792"},{"taxonomy":"post_tag","embeddable":true,"href":"https:\/\/conakrynews.org\/index.php\/wp-json\/wp\/v2\/tags?post=13792"}],"curies":[{"name":"wp","href":"https:\/\/api.w.org\/{rel}","templated":true}]}}