{"id":13802,"date":"2022-07-08T23:07:29","date_gmt":"2022-07-08T23:07:29","guid":{"rendered":"https:\/\/conakrynews.org\/?p=13802"},"modified":"2022-07-09T11:11:57","modified_gmt":"2022-07-09T11:11:57","slug":"apres-un-bras-de-fer-avec-le-fndc-alphonse-charles-wthrite-nomme-ministre-de-la-justice-et-des-droits-de-lhomme","status":"publish","type":"post","link":"https:\/\/conakrynews.org\/index.php\/apres-un-bras-de-fer-avec-le-fndc-alphonse-charles-wthrite-nomme-ministre-de-la-justice-et-des-droits-de-lhomme\/","title":{"rendered":"Apr\u00e8s un bras de fer avec le FNDC, Alphonse Charles wthrite nomm\u00e9 ministre de la justice"},"content":{"rendered":"<p>Le tout puissant Procureur g\u00e9n\u00e9ral pr\u00e8s la cour d&rsquo;appel de Conakry, vient d&rsquo;\u00eatre nomm\u00e9 minitre de la justice  garde des sceaux par  d\u00e9cret du  pr\u00e9sident de la transition, Colonel Mamady Doumnouya.Le d\u00e9sormais ex-procureur G\u00e9n\u00e9ral  de Conakry,remplace Me Moriba  Alain  Kon\u00e9 \u00e0 la t\u00eate du minist\u00e8re de la justice et des droits de l&rsquo;homme.<\/p>\n<p>Dans ce m\u00eame d\u00e9cret,le pr\u00e9sident de la transition a nomm\u00e9 l&rsquo;avocat Billy I Ke\u00efta comme chef de Cabinet du m\u00eame minist\u00e8re en remplacement de  Lancinet Ke\u00efta.<\/p>\n<p>Sylla Ibrahima Kalil, pour www.conakrynews.org 625444534<\/p>\n","protected":false},"excerpt":{"rendered":"<p>Le tout puissant Procureur g\u00e9n\u00e9ral pr\u00e8s la cour d&rsquo;appel de Conakry, vient d&rsquo;\u00eatre nomm\u00e9 minitre de la justice garde des sceaux par d\u00e9cret du pr\u00e9sident de la transition, Colonel Mamady Doumnouya.Le d\u00e9sormais ex-procureur G\u00e9n\u00e9ral de Conakry,remplace Me Moriba Alain Kon\u00e9 \u00e0 la t\u00eate du minist\u00e8re de la justice et des droits de l&rsquo;homme. Dans ce [&hellip;]<\/p>\n","protected":false},"author":2,"featured_media":13805,"comment_status":"closed","ping_status":"closed","sticky":false,"template":"","format":"standard","meta":{"footnotes":""},"categories":[57],"tags":[],"class_list":{"0":"post-13802","1":"post","2":"type-post","3":"status-publish","4":"format-standard","5":"has-post-thumbnail","7":"category-politique"},"_links":{"self":[{"href":"https:\/\/conakrynews.org\/index.php\/wp-json\/wp\/v2\/posts\/13802","targetHints":{"allow":["GET"]}}],"collection":[{"href":"https:\/\/conakrynews.org\/index.php\/wp-json\/wp\/v2\/posts"}],"about":[{"href":"https:\/\/conakrynews.org\/index.php\/wp-json\/wp\/v2\/types\/post"}],"author":[{"embeddable":true,"href":"https:\/\/conakrynews.org\/index.php\/wp-json\/wp\/v2\/users\/2"}],"replies":[{"embeddable":true,"href":"https:\/\/conakrynews.org\/index.php\/wp-json\/wp\/v2\/comments?post=13802"}],"version-history":[{"count":0,"href":"https:\/\/conakrynews.org\/index.php\/wp-json\/wp\/v2\/posts\/13802\/revisions"}],"wp:featuredmedia":[{"embeddable":true,"href":"https:\/\/conakrynews.org\/index.php\/wp-json\/wp\/v2\/media\/13805"}],"wp:attachment":[{"href":"https:\/\/conakrynews.org\/index.php\/wp-json\/wp\/v2\/media?parent=13802"}],"wp:term":[{"taxonomy":"category","embeddable":true,"href":"https:\/\/conakrynews.org\/index.php\/wp-json\/wp\/v2\/categories?post=13802"},{"taxonomy":"post_tag","embeddable":true,"href":"https:\/\/conakrynews.org\/index.php\/wp-json\/wp\/v2\/tags?post=13802"}],"curies":[{"name":"wp","href":"https:\/\/api.w.org\/{rel}","templated":true}]}}