{"id":13826,"date":"2022-07-11T18:55:42","date_gmt":"2022-07-11T18:55:42","guid":{"rendered":"https:\/\/conakrynews.org\/?p=13826"},"modified":"2022-07-11T18:57:10","modified_gmt":"2022-07-11T18:57:10","slug":"mali-49-soldats-ivoiriens-arretes-a-bamako","status":"publish","type":"post","link":"https:\/\/conakrynews.org\/index.php\/mali-49-soldats-ivoiriens-arretes-a-bamako\/","title":{"rendered":"Mali: 49 soldats ivoiriens arr\u00eat\u00e9s \u00e0 Bamako"},"content":{"rendered":"<p>Les soldats ivoiriens ont \u00e9t\u00e9 arr\u00eat\u00e9s, dimanche 10 juillet 2022 en d\u00e9but d\u2019apr\u00e8s-midi, \u00e0 l\u2019a\u00e9roport de Bamako. Depuis, les messages alarmistes et m\u00eame complotistes circulent sur les r\u00e9seaux sociaux, les pr\u00e9sentant comme des mercenaires lourdement arm\u00e9s venus d\u00e9stabiliser le pays. Ces soldats appartiennent, en r\u00e9alit\u00e9, \u00e0 l\u2019arm\u00e9e r\u00e9guli\u00e8re ivoirienne. Ils devaient s\u00e9curiser, selon l\u2019arm\u00e9e ivoirienne, des sites de la Minusma, la Mission des Nations unies.<\/p>\n<p>Ils appartiennent au 8e d\u00e9tachement du NSE (National Support Element). C\u2019est un cadre de l\u2019\u00e9tat-major ivoirien qui le pr\u00e9cise : ces 49 soldats sont arriv\u00e9s \u00e0 Bamako dimanche \u00e0 la mi-journ\u00e9e, \u00e0 bord du m\u00eame avion qui avait ramen\u00e9 \u00e0 Abidjan, le matin m\u00eame, le pr\u00e9c\u00e9dent d\u00e9tachement. Deux avions m\u00eame, pour \u00eatre pr\u00e9cis, l\u2019un transportant les hommes, l\u2019autre le mat\u00e9riel. \u00ab C\u2019est une incompr\u00e9hension malheureuse \u00bb, explique ce haut grad\u00e9 de l\u2019arm\u00e9e ivoirienne, qui assure que tout \u00e9tait en r\u00e8gle pour leur arriv\u00e9e.<\/p>\n<p>Selon l\u2019arm\u00e9e ivoirienne, ce sont pourtant des probl\u00e8mes administratifs qui sont invoqu\u00e9s par les autorit\u00e9s maliennes. \u00ab D\u2019abord, ils ont dit que l\u2019avion n\u2019\u00e9tait pas sur la liste des appareils autoris\u00e9s \u00e0 atterrir. Ce probl\u00e8me a \u00e9t\u00e9 vite lev\u00e9, poursuit cette source, mais maintenant, ils disent que nos soldats n\u2019avaient pas de lettre de mission conforme. \u00bb Sollicit\u00e9s par RFI, ni l\u2019arm\u00e9e malienne ni le minist\u00e8re malien de la D\u00e9fense n\u2019ont souhait\u00e9 r\u00e9pondre. Les 49 soldats ivoiriens ont pass\u00e9 la nuit en d\u00e9tention. Le probl\u00e8me n\u2019est toujours pas r\u00e9gl\u00e9.<\/p>\n<p>Un pr\u00e9c\u00e9dent danois<br \/>\nSelon les explications de l\u2019arm\u00e9e ivoirienne, ces soldats sont l\u00e0 dans le cadre de la contribution ivoirienne \u00e0 la Minusma. Ils sont d\u00e9tach\u00e9s aupr\u00e8s d\u2019une entreprise priv\u00e9e, SAS, Sahel Aviation Service, elle-m\u00eame sous-traitante de la mission onusienne. Dirig\u00e9e par un Allemand, cette entreprise travaille habituellement dans la sous-r\u00e9gion pour des ONG, des groupes miniers ou encore, donc, pour les Nations unies. C\u2019est en tout cas ce que pr\u00e9cise son site internet puisque, jointe par RFI, l\u2019entreprise SAS a confirm\u00e9 \u00eatre mobilis\u00e9e sur le cas des militaires ivoiriens, mais n\u2019a souhait\u00e9 apporter aucune pr\u00e9cision.<\/p>\n<p>Selon l\u2019arm\u00e9e ivoirienne, les soldats arr\u00eat\u00e9s \u00e0 Bamako sont cens\u00e9s s\u00e9curiser des sites de la Minusma, notamment \u00e0 l\u2019a\u00e9roport de Bamako, mais aussi dans des \u00ab entrep\u00f4ts logistiques \u00bb. La Mission onusienne n\u2019a, elle non plus, pas souhait\u00e9 faire de commentaire \u00e0 ce stade. Cette affaire rappelle celle des militaires danois : en janvier dernier, ils \u00e9taient arriv\u00e9s au Mali dans le cadre de la force Takuba, en suivant les proc\u00e9dures habituelles. Les autorit\u00e9s maliennes avaient estim\u00e9 que ces proc\u00e9dures ne suffisaient plus \u00e0 garantir leur \u00ab consentement \u00bb et les avaient contraints \u00e0 rentrer chez eux.<\/p>\n<p>Avec RFI <\/p>\n","protected":false},"excerpt":{"rendered":"<p>Les soldats ivoiriens ont \u00e9t\u00e9 arr\u00eat\u00e9s, dimanche 10 juillet 2022 en d\u00e9but d\u2019apr\u00e8s-midi, \u00e0 l\u2019a\u00e9roport de Bamako. Depuis, les messages alarmistes et m\u00eame complotistes circulent sur les r\u00e9seaux sociaux, les pr\u00e9sentant comme des mercenaires lourdement arm\u00e9s venus d\u00e9stabiliser le pays. Ces soldats appartiennent, en r\u00e9alit\u00e9, \u00e0 l\u2019arm\u00e9e r\u00e9guli\u00e8re ivoirienne. Ils devaient s\u00e9curiser, selon l\u2019arm\u00e9e ivoirienne, [&hellip;]<\/p>\n","protected":false},"author":2,"featured_media":13828,"comment_status":"closed","ping_status":"closed","sticky":false,"template":"","format":"standard","meta":{"footnotes":""},"categories":[58],"tags":[],"class_list":{"0":"post-13826","1":"post","2":"type-post","3":"status-publish","4":"format-standard","5":"has-post-thumbnail","7":"category-societe"},"_links":{"self":[{"href":"https:\/\/conakrynews.org\/index.php\/wp-json\/wp\/v2\/posts\/13826","targetHints":{"allow":["GET"]}}],"collection":[{"href":"https:\/\/conakrynews.org\/index.php\/wp-json\/wp\/v2\/posts"}],"about":[{"href":"https:\/\/conakrynews.org\/index.php\/wp-json\/wp\/v2\/types\/post"}],"author":[{"embeddable":true,"href":"https:\/\/conakrynews.org\/index.php\/wp-json\/wp\/v2\/users\/2"}],"replies":[{"embeddable":true,"href":"https:\/\/conakrynews.org\/index.php\/wp-json\/wp\/v2\/comments?post=13826"}],"version-history":[{"count":0,"href":"https:\/\/conakrynews.org\/index.php\/wp-json\/wp\/v2\/posts\/13826\/revisions"}],"wp:featuredmedia":[{"embeddable":true,"href":"https:\/\/conakrynews.org\/index.php\/wp-json\/wp\/v2\/media\/13828"}],"wp:attachment":[{"href":"https:\/\/conakrynews.org\/index.php\/wp-json\/wp\/v2\/media?parent=13826"}],"wp:term":[{"taxonomy":"category","embeddable":true,"href":"https:\/\/conakrynews.org\/index.php\/wp-json\/wp\/v2\/categories?post=13826"},{"taxonomy":"post_tag","embeddable":true,"href":"https:\/\/conakrynews.org\/index.php\/wp-json\/wp\/v2\/tags?post=13826"}],"curies":[{"name":"wp","href":"https:\/\/api.w.org\/{rel}","templated":true}]}}