{"id":13964,"date":"2022-07-18T12:11:27","date_gmt":"2022-07-18T12:11:27","guid":{"rendered":"https:\/\/conakrynews.org\/?p=13964"},"modified":"2022-07-18T12:20:05","modified_gmt":"2022-07-18T12:20:05","slug":"halimatou-dalein-regrette-deja-alpha-conde-on-naurait-pas-cru-quapres-alpha-conde-quon-allait-subir-une-telle-situation","status":"publish","type":"post","link":"https:\/\/conakrynews.org\/index.php\/halimatou-dalein-regrette-deja-alpha-conde-on-naurait-pas-cru-quapres-alpha-conde-quon-allait-subir-une-telle-situation\/","title":{"rendered":"Halimatou Dalein regrette d\u00e9j\u00e0 Alpha Cond\u00e9 : \u00ab on n\u2019aurait pas cru qu\u2019apr\u00e8s Alpha Cond\u00e9 qu\u2019on allait subir une telle situation.\u00bb"},"content":{"rendered":"<p>Qui aurait cru au lendemain de la chute d\u2019Alpha Cond\u00e9 que la premi\u00e8re \u00e9pouse du pr\u00e9sident de l\u2019union des forces d\u00e9mocratiques de Guin\u00e9e (UFDG) va regretter le r\u00e9gime de Cond\u00e9 ? Apr\u00e8s plus de dix ans de lutte farouche contre l\u2019ancien pr\u00e9sident guin\u00e9en et son \u00e9quipe, Halimatou Dalein Diallo esp\u00e9rerait en fin de voir le bout du tunnel, avec l\u2019arriv\u00e9e au pouvoir du Colonel Mamadi Doumbouya et son \u00e9quipe.<\/p>\n<p>Mais malheureusement, elle semble regretter aujourd\u2019hui l\u2019apr\u00e8s Alpha Cond\u00e9, c\u2019est ce qui ressort de sa derni\u00e8re communication depuis \u00e0 l\u2019\u00e9tranger o\u00f9 elle continue son traitement m\u00e9dical. Elle d\u00e9nonce l\u2019acharnement dont son \u00e9poux est victime depuis quelques mois, dit-elle dans sa prise de parole.<\/p>\n<p>\u00ab Quand tu as la conscience tranquille, tu es bien dans ta peau, actuellement nous sommes victimes d\u2019acharnement, on n\u2019aurait pas cru qu\u2019apr\u00e8s Alpha Cond\u00e9 qu\u2019on allait subir une telle situation. Donc, on est vraiment d\u00e9sol\u00e9, pas pour nous, mais pour la Guin\u00e9e qui recule, parce que \u00e7a, c\u2019est du recul. On va continuer le combat, on ne se laissera pas faire parce que ce ne sont pas des gens l\u00e9gitimes, on va continuer le combat pour que la Guin\u00e9e soit un pays qui puisse unir et servir tout le monde comme le dit souvent El hadj Cellou Dalein Diallo \u00bb, a-t-elle martel\u00e9.<\/p>\n<p>Parlant de la convocation de Cellou Dalein Diallo par la cour de r\u00e9pression des infractions \u00e9conomiques et financi\u00e8res (CRIEF), dans l\u2019affaire Air Guin\u00e9e, la premi\u00e8re du pr\u00e9sident de l\u2019UFDG s\u2019exprime et se dit confiant.<\/p>\n<p>\u00ab C\u2019est aux avocats et \u00e0 Monsieur Dalein de d\u00e9cider, mais je sais qu\u2019il a les mains propres, parce que je suis la plus indiqu\u00e9e pour savoir s\u2019il a les mains propres ou pas ? \u00bb, a-t-elle affirm\u00e9 Halimatou Dalein<\/p>\n<p>Lib\u00e9rationinfo.com<\/p>\n","protected":false},"excerpt":{"rendered":"<p>Qui aurait cru au lendemain de la chute d\u2019Alpha Cond\u00e9 que la premi\u00e8re \u00e9pouse du pr\u00e9sident de l\u2019union des forces d\u00e9mocratiques de Guin\u00e9e (UFDG) va regretter le r\u00e9gime de Cond\u00e9 ? Apr\u00e8s plus de dix ans de lutte farouche contre l\u2019ancien pr\u00e9sident guin\u00e9en et son \u00e9quipe, Halimatou Dalein Diallo esp\u00e9rerait en fin de voir le [&hellip;]<\/p>\n","protected":false},"author":2,"featured_media":13966,"comment_status":"closed","ping_status":"closed","sticky":false,"template":"","format":"standard","meta":{"footnotes":""},"categories":[57],"tags":[],"class_list":{"0":"post-13964","1":"post","2":"type-post","3":"status-publish","4":"format-standard","5":"has-post-thumbnail","7":"category-politique"},"_links":{"self":[{"href":"https:\/\/conakrynews.org\/index.php\/wp-json\/wp\/v2\/posts\/13964","targetHints":{"allow":["GET"]}}],"collection":[{"href":"https:\/\/conakrynews.org\/index.php\/wp-json\/wp\/v2\/posts"}],"about":[{"href":"https:\/\/conakrynews.org\/index.php\/wp-json\/wp\/v2\/types\/post"}],"author":[{"embeddable":true,"href":"https:\/\/conakrynews.org\/index.php\/wp-json\/wp\/v2\/users\/2"}],"replies":[{"embeddable":true,"href":"https:\/\/conakrynews.org\/index.php\/wp-json\/wp\/v2\/comments?post=13964"}],"version-history":[{"count":0,"href":"https:\/\/conakrynews.org\/index.php\/wp-json\/wp\/v2\/posts\/13964\/revisions"}],"wp:featuredmedia":[{"embeddable":true,"href":"https:\/\/conakrynews.org\/index.php\/wp-json\/wp\/v2\/media\/13966"}],"wp:attachment":[{"href":"https:\/\/conakrynews.org\/index.php\/wp-json\/wp\/v2\/media?parent=13964"}],"wp:term":[{"taxonomy":"category","embeddable":true,"href":"https:\/\/conakrynews.org\/index.php\/wp-json\/wp\/v2\/categories?post=13964"},{"taxonomy":"post_tag","embeddable":true,"href":"https:\/\/conakrynews.org\/index.php\/wp-json\/wp\/v2\/tags?post=13964"}],"curies":[{"name":"wp","href":"https:\/\/api.w.org\/{rel}","templated":true}]}}