{"id":13995,"date":"2022-07-19T21:02:12","date_gmt":"2022-07-19T21:02:12","guid":{"rendered":"https:\/\/conakrynews.org\/?p=13995"},"modified":"2022-07-19T21:02:38","modified_gmt":"2022-07-19T21:02:38","slug":"militaires-ivoiriens-detenus-au-mali-bamako-appelle-a-une-mediation-du-togo","status":"publish","type":"post","link":"https:\/\/conakrynews.org\/index.php\/militaires-ivoiriens-detenus-au-mali-bamako-appelle-a-une-mediation-du-togo\/","title":{"rendered":"Militaires ivoiriens d\u00e9tenus au Mali : Bamako appelle \u00e0 une m\u00e9diation du Togo"},"content":{"rendered":"<p>Le colonel Assimi Go\u00efta s\u2019est dit \u00ab ouvert au dialogue et dispos\u00e9 \u00e0 \u0153uvrer \u00e0 un d\u00e9nouement heureux de cette situation \u00bb.<\/p>\n<p>Les autorit\u00e9s maliennes ont appel\u00e9 lundi \u00e0 une m\u00e9diation du Togo, qui l\u2019a accept\u00e9e, pour \u00ab un d\u00e9nouement heureux \u00bb de la situation qui concerne les 49 militaires ivoiriens d\u00e9tenus depuis huit jours \u00e0 Bamako, ont indiqu\u00e9 les ministres des Affaires \u00e9trang\u00e8res des deux pays.<\/p>\n<p>La C\u00f4te d\u2019Ivoire avait demand\u00e9 mardi dernier la lib\u00e9ration \u00ab sans d\u00e9lai \u00bb de ses 49 militaires arr\u00eat\u00e9s \u00ab injustement \u00bb le 10 juillet \u00e0 l\u2019a\u00e9roport de Bamako, et accus\u00e9s par les autorit\u00e9s maliennes d\u2019\u00eatre des \u00ab mercenaires \u00bb cherchant \u00e0 d\u00e9stabiliser leur pays.<\/p>\n<p>Selon Abidjan, la pr\u00e9sence de ses soldats, dans le cadre d\u2019op\u00e9rations de soutien logistique \u00e0 la mission des Nations unies au Mali (Minusma), \u00e9tait \u00ab bien connue des autorit\u00e9s maliennes \u00bb.<\/p>\n<p>Le pr\u00e9sident de la transition du Mali, le colonel Assimi Go\u00efta \u00ab s\u2019est dit ouvert au dialogue et dispos\u00e9 \u00e0 \u0153uvrer (\u2026) \u00e0 un d\u00e9nouement heureux de cette situation, y compris par voie diplomatique, dans le strict respect de la souverainet\u00e9 du Mali \u00bb, ont soulign\u00e9 dans un communiqu\u00e9 conjoint Abdoulaye Diop, chef de la diplomatie malienne et Robert Dussey, son homologue togolais, re\u00e7u en audience \u00e0 Bamako.<\/p>\n<p>\u00ab A cet \u00e9gard, le pr\u00e9sident de la transition a souhait\u00e9 que le Togo m\u00e8ne une mission de bons offices entre les parties concern\u00e9es. Le ministre Dussey a r\u00e9affirm\u00e9 la disponibilit\u00e9 du pr\u00e9sident Faure Essozimna Gnassingbe \u00e0 poursuivre son appui \u00e0 la transition et \u00e0 aider \u00e0 la r\u00e9solution de cette situation \u00bb, poursuit le communiqu\u00e9.<\/p>\n<p>Le Mali, pays enclav\u00e9 au coeur du Sahel, a \u00e9t\u00e9 le th\u00e9\u00e2tre de deux coups d\u2019\u00c9tat militaires en ao\u00fbt 2020 et en mai 2021. Il a r\u00e9cemment adopt\u00e9 un calendrier de transition devant permettre un retour des civils au pouvoir en mars 2024.<\/p>\n<p>\u00c0 la suite de l\u2019adoption de ce calendrier, les pays membres de la Communaut\u00e9 \u00e9conomique des \u00c9tats de l\u2019Afrique de l\u2019Ouest (C\u00e9d\u00e9ao), avaient lev\u00e9 les sanctions \u00e9conomiques et financi\u00e8res qui frappaient le Mali depuis janvier.<\/p>\n<p>Le pr\u00e9sident du Togo avait d\u00e9j\u00e0 accept\u00e9 d\u2019\u00eatre le m\u00e9diateur entre le Mali, les acteurs r\u00e9gionaux et l\u2019ensemble de la communaut\u00e9 internationale alors que la junte \u00e9tait sous pression pour r\u00e9tablir l\u2019ordre constitutionnel.<\/p>\n<p>La crise politique va de pair avec une grave crise s\u00e9curitaire en cours depuis le d\u00e9clenchement, en 2012, d\u2019insurrections ind\u00e9pendantistes et d\u2019actions jihadistes sanglantes dans le nord.<\/p>\n<p>La junte au pouvoir \u00e0 Bamako s\u2019est d\u00e9tourn\u00e9e de la France et d\u2019autres partenaires, \u00e0 la faveur de la Russie, pour tenter d\u2019endiguer la propagation jihadiste qui a gagn\u00e9 le centre du pays ainsi que le Burkina Faso et le Niger voisins.<\/p>\n<p>AFP<\/p>\n","protected":false},"excerpt":{"rendered":"<p>Le colonel Assimi Go\u00efta s\u2019est dit \u00ab ouvert au dialogue et dispos\u00e9 \u00e0 \u0153uvrer \u00e0 un d\u00e9nouement heureux de cette situation \u00bb. Les autorit\u00e9s maliennes ont appel\u00e9 lundi \u00e0 une m\u00e9diation du Togo, qui l\u2019a accept\u00e9e, pour \u00ab un d\u00e9nouement heureux \u00bb de la situation qui concerne les 49 militaires ivoiriens d\u00e9tenus depuis huit jours [&hellip;]<\/p>\n","protected":false},"author":2,"featured_media":13996,"comment_status":"closed","ping_status":"closed","sticky":false,"template":"","format":"standard","meta":{"footnotes":""},"categories":[58],"tags":[],"class_list":{"0":"post-13995","1":"post","2":"type-post","3":"status-publish","4":"format-standard","5":"has-post-thumbnail","7":"category-societe"},"_links":{"self":[{"href":"https:\/\/conakrynews.org\/index.php\/wp-json\/wp\/v2\/posts\/13995","targetHints":{"allow":["GET"]}}],"collection":[{"href":"https:\/\/conakrynews.org\/index.php\/wp-json\/wp\/v2\/posts"}],"about":[{"href":"https:\/\/conakrynews.org\/index.php\/wp-json\/wp\/v2\/types\/post"}],"author":[{"embeddable":true,"href":"https:\/\/conakrynews.org\/index.php\/wp-json\/wp\/v2\/users\/2"}],"replies":[{"embeddable":true,"href":"https:\/\/conakrynews.org\/index.php\/wp-json\/wp\/v2\/comments?post=13995"}],"version-history":[{"count":0,"href":"https:\/\/conakrynews.org\/index.php\/wp-json\/wp\/v2\/posts\/13995\/revisions"}],"wp:featuredmedia":[{"embeddable":true,"href":"https:\/\/conakrynews.org\/index.php\/wp-json\/wp\/v2\/media\/13996"}],"wp:attachment":[{"href":"https:\/\/conakrynews.org\/index.php\/wp-json\/wp\/v2\/media?parent=13995"}],"wp:term":[{"taxonomy":"category","embeddable":true,"href":"https:\/\/conakrynews.org\/index.php\/wp-json\/wp\/v2\/categories?post=13995"},{"taxonomy":"post_tag","embeddable":true,"href":"https:\/\/conakrynews.org\/index.php\/wp-json\/wp\/v2\/tags?post=13995"}],"curies":[{"name":"wp","href":"https:\/\/api.w.org\/{rel}","templated":true}]}}