{"id":13998,"date":"2022-07-20T01:09:20","date_gmt":"2022-07-20T01:09:20","guid":{"rendered":"https:\/\/conakrynews.org\/?p=13998"},"modified":"2022-07-20T01:13:30","modified_gmt":"2022-07-20T01:13:30","slug":"organisation-de-la-rentree-judiciaire-le-choix-de-lassociation-des-magistrats-de-guinee-apprecie-par-la-majorite-des-citoyens","status":"publish","type":"post","link":"https:\/\/conakrynews.org\/index.php\/organisation-de-la-rentree-judiciaire-le-choix-de-lassociation-des-magistrats-de-guinee-apprecie-par-la-majorite-des-citoyens\/","title":{"rendered":"Organisation de la rentr\u00e9e judiciaire : le choix de l\u2019association des Magistrats de Guin\u00e9e appr\u00e9ci\u00e9 par la majorit\u00e9 des citoyens"},"content":{"rendered":"<p>Habituellement, ce sont les membres du cabinet minist\u00e9riel et les agents de l\u2019administration qui s\u2019en chargent.<\/p>\n<p>L\u2019acte du nouveau Garde de Sceaux vient montrer qu\u2019ensemble il est possible de changer les choses de mani\u00e8re positive.<\/p>\n<p>En ce qui le concerne, lui dont les pr\u00e9c\u00e9dentes nominations ont provoqu\u00e9 des maux de t\u00eate chez les partisans du respect scrupuleux des normes, des principes et de la r\u00e9gularit\u00e9 en pareil cas, il  s\u2019agit-l\u00e0 d\u2019une opportunit\u00e9 \u00e0 saisir pour se d\u00e9barrasser de l\u2019image du tr\u00e8s controvers\u00e9 ancien Procureur g\u00e9n\u00e9ral. Sa position de ministre l\u2019aide \u00e0 rectifier le tir, \u00e0 participer \u00e0 la r\u00e9forme du secteur, et \u00e0 apporter sa contribution \u00e0 faire de la justice la boussole de la transition en cours dans le pays.<\/p>\n<p>En Guin\u00e9e, une ordonnance du pr\u00e9sident de la Cour supr\u00eame fixe chaque ann\u00e9e la p\u00e9riode des vacances judiciaires et la date de la rentr\u00e9e des cours et tribunaux. Ce n\u2019est pas encore le cas pour cette ann\u00e9e 2022, (mais r\u00e9guli\u00e8rement, les vacances judiciaires d\u00e9butent en ao\u00fbt pour prendre fin en septembre).<\/p>\n<p>La rentr\u00e9e judiciaire, dont l\u2019organisation est confi\u00e9e \u00e0 l\u2019Amg, est un challenge pour le juge Diawara et son \u00e9quipe. Avec le soutien des membres de la communaut\u00e9 juridique et l\u2019appui de la Cour supr\u00eame, du minist\u00e8re de la Justice et de la Pr\u00e9sidence de la R\u00e9publique, la c\u00e9l\u00e9bration de la nouvelle ann\u00e9e judiciaire aura lieu sous la pr\u00e9sidence effective du pr\u00e9sident de la R\u00e9publique.<\/p>\n<p>Le colonel Mamadi Doumbouya fera sa premi\u00e8re sortie en qualit\u00e9 de pr\u00e9sident du Conseil sup\u00e9rieur de la magistrature. Vivement l\u2019\u00e9v\u00e9nement !<\/p>\n<p>Source:Guineelive.com<\/p>\n","protected":false},"excerpt":{"rendered":"<p>Habituellement, ce sont les membres du cabinet minist\u00e9riel et les agents de l\u2019administration qui s\u2019en chargent. L\u2019acte du nouveau Garde de Sceaux vient montrer qu\u2019ensemble il est possible de changer les choses de mani\u00e8re positive. En ce qui le concerne, lui dont les pr\u00e9c\u00e9dentes nominations ont provoqu\u00e9 des maux de t\u00eate chez les partisans du [&hellip;]<\/p>\n","protected":false},"author":2,"featured_media":14000,"comment_status":"closed","ping_status":"closed","sticky":false,"template":"","format":"standard","meta":{"footnotes":""},"categories":[58],"tags":[],"class_list":{"0":"post-13998","1":"post","2":"type-post","3":"status-publish","4":"format-standard","5":"has-post-thumbnail","7":"category-societe"},"_links":{"self":[{"href":"https:\/\/conakrynews.org\/index.php\/wp-json\/wp\/v2\/posts\/13998","targetHints":{"allow":["GET"]}}],"collection":[{"href":"https:\/\/conakrynews.org\/index.php\/wp-json\/wp\/v2\/posts"}],"about":[{"href":"https:\/\/conakrynews.org\/index.php\/wp-json\/wp\/v2\/types\/post"}],"author":[{"embeddable":true,"href":"https:\/\/conakrynews.org\/index.php\/wp-json\/wp\/v2\/users\/2"}],"replies":[{"embeddable":true,"href":"https:\/\/conakrynews.org\/index.php\/wp-json\/wp\/v2\/comments?post=13998"}],"version-history":[{"count":0,"href":"https:\/\/conakrynews.org\/index.php\/wp-json\/wp\/v2\/posts\/13998\/revisions"}],"wp:featuredmedia":[{"embeddable":true,"href":"https:\/\/conakrynews.org\/index.php\/wp-json\/wp\/v2\/media\/14000"}],"wp:attachment":[{"href":"https:\/\/conakrynews.org\/index.php\/wp-json\/wp\/v2\/media?parent=13998"}],"wp:term":[{"taxonomy":"category","embeddable":true,"href":"https:\/\/conakrynews.org\/index.php\/wp-json\/wp\/v2\/categories?post=13998"},{"taxonomy":"post_tag","embeddable":true,"href":"https:\/\/conakrynews.org\/index.php\/wp-json\/wp\/v2\/tags?post=13998"}],"curies":[{"name":"wp","href":"https:\/\/api.w.org\/{rel}","templated":true}]}}