{"id":14009,"date":"2022-07-21T09:48:48","date_gmt":"2022-07-21T09:48:48","guid":{"rendered":"https:\/\/conakrynews.org\/?p=14009"},"modified":"2022-07-21T09:48:48","modified_gmt":"2022-07-21T09:48:48","slug":"transition-en-guinee-embalo-aurait-propose-deux-2-ans-au-colonel-mamadi-doumbouya","status":"publish","type":"post","link":"https:\/\/conakrynews.org\/index.php\/transition-en-guinee-embalo-aurait-propose-deux-2-ans-au-colonel-mamadi-doumbouya\/","title":{"rendered":"Transition en Guin\u00e9e: Embal\u00f2 aurait propos\u00e9 deux (2) ans au Colonel Mamadi Doumbouya\u2026"},"content":{"rendered":"<p>Les discussions entre le pr\u00e9sident en exercice de la Cedeao, Umar Sissoko Embal\u00f2 et le Colonel Mamadi Doumbouya ont \u00e9t\u00e9 franches et cordiales lors du s\u00e9jour de travail du pr\u00e9sident Bissau guin\u00e9en ce mercredi 20 juillet 2022 \u00e0 Conakry, selon des sources diplomatiques.<\/p>\n<p>\u00abJe vous encourage mon fr\u00e8re \u00e0 proposer un chronogramme qui ne d\u00e9passera pas deux ans. Tant qu\u2019on peut \u00e9viter les sanctions de la Cedeao, il faut les \u00e9viter \u00bb, aurait sugg\u00e9r\u00e9 Embalo \u00e0 Doumbouya dans un climat tr\u00e8s d\u00e9tendu, a confi\u00e9 une source \u00e0 Guineenews.<\/p>\n<p>\u00c0 son tour, mentionne le m\u00eame m\u00e9dia, le pr\u00e9sident de transition, le Colonel Mamadi Doumbouya a r\u00e9pondu qu\u2019il prend bonne note.<\/p>\n<p>Les deux chefs d\u2019Etat devraient animer une conf\u00e9rence de presse au termine de la mission mais, ils ont estim\u00e9 qu\u2019il \u00e9tait pr\u00e9matur\u00e9 de s\u2019adresser \u00e0 la presse puisque tout d\u00e9pendra des r\u00e9sultats que le m\u00e9diateur de la Cedeao, Yayi Boni obtiendra, a-t-il indiqu\u00e9. Si le pr\u00e9sident en exercice de la Cedeao, Umaro Sissoco Embal\u00f2 a quitt\u00e9 Conakry apr\u00e8s de son s\u00e9jour de travail, l\u2019ancien pr\u00e9sident b\u00e9ninois, Boni Yayi, lui reste encore \u00e0 Conakry dans le cadre de la poursuite de sa mission de m\u00e9diation dans le processus de la conduite de la transition guin\u00e9enne, a-t-il conclu.<\/p>\n<p>Source:lib\u00e9rationinfo.com<\/p>\n","protected":false},"excerpt":{"rendered":"<p>Les discussions entre le pr\u00e9sident en exercice de la Cedeao, Umar Sissoko Embal\u00f2 et le Colonel Mamadi Doumbouya ont \u00e9t\u00e9 franches et cordiales lors du s\u00e9jour de travail du pr\u00e9sident Bissau guin\u00e9en ce mercredi 20 juillet 2022 \u00e0 Conakry, selon des sources diplomatiques. \u00abJe vous encourage mon fr\u00e8re \u00e0 proposer un chronogramme qui ne d\u00e9passera [&hellip;]<\/p>\n","protected":false},"author":2,"featured_media":14010,"comment_status":"closed","ping_status":"closed","sticky":false,"template":"","format":"standard","meta":{"footnotes":""},"categories":[57],"tags":[],"class_list":{"0":"post-14009","1":"post","2":"type-post","3":"status-publish","4":"format-standard","5":"has-post-thumbnail","7":"category-politique"},"_links":{"self":[{"href":"https:\/\/conakrynews.org\/index.php\/wp-json\/wp\/v2\/posts\/14009","targetHints":{"allow":["GET"]}}],"collection":[{"href":"https:\/\/conakrynews.org\/index.php\/wp-json\/wp\/v2\/posts"}],"about":[{"href":"https:\/\/conakrynews.org\/index.php\/wp-json\/wp\/v2\/types\/post"}],"author":[{"embeddable":true,"href":"https:\/\/conakrynews.org\/index.php\/wp-json\/wp\/v2\/users\/2"}],"replies":[{"embeddable":true,"href":"https:\/\/conakrynews.org\/index.php\/wp-json\/wp\/v2\/comments?post=14009"}],"version-history":[{"count":0,"href":"https:\/\/conakrynews.org\/index.php\/wp-json\/wp\/v2\/posts\/14009\/revisions"}],"wp:featuredmedia":[{"embeddable":true,"href":"https:\/\/conakrynews.org\/index.php\/wp-json\/wp\/v2\/media\/14010"}],"wp:attachment":[{"href":"https:\/\/conakrynews.org\/index.php\/wp-json\/wp\/v2\/media?parent=14009"}],"wp:term":[{"taxonomy":"category","embeddable":true,"href":"https:\/\/conakrynews.org\/index.php\/wp-json\/wp\/v2\/categories?post=14009"},{"taxonomy":"post_tag","embeddable":true,"href":"https:\/\/conakrynews.org\/index.php\/wp-json\/wp\/v2\/tags?post=14009"}],"curies":[{"name":"wp","href":"https:\/\/api.w.org\/{rel}","templated":true}]}}