{"id":14026,"date":"2022-07-22T12:02:21","date_gmt":"2022-07-22T12:02:21","guid":{"rendered":"https:\/\/conakrynews.org\/?p=14026"},"modified":"2022-07-22T12:02:21","modified_gmt":"2022-07-22T12:02:21","slug":"paris-un-restaurant-chic-accuse-de-racisme-apres-avoir-refuse-lentree-a-des-femmes-noires-dont-une-guineenne","status":"publish","type":"post","link":"https:\/\/conakrynews.org\/index.php\/paris-un-restaurant-chic-accuse-de-racisme-apres-avoir-refuse-lentree-a-des-femmes-noires-dont-une-guineenne\/","title":{"rendered":"Paris : un restaurant chic accus\u00e9 de racisme apr\u00e8s avoir refus\u00e9 l\u2019entr\u00e9e \u00e0 des femmes noires dont une Guin\u00e9enne"},"content":{"rendered":"<p>L\u2019\u00e9tablissement situ\u00e9 sur la c\u00e9l\u00e8bre avenue Montaigne a pr\u00e9sent\u00e9 ses excuses aux clientes concern\u00e9es et affirm\u00e9 qu\u2019il s\u2019agit d\u2019un \u00ab acte isol\u00e9 \u00bb.<\/p>\n<p>Vid\u00e9o \u00e0 l\u2019appui, trois jeunes femmes ont accus\u00e9, mercredi 20 juillet, le Manko, un restaurant parisien, de racisme, apr\u00e8s avoir \u00e9t\u00e9 interdites d\u2019entr\u00e9e dans l\u2019\u00e9tablissement, malgr\u00e9 une r\u00e9servation.<\/p>\n<p>Tout commence samedi 16 juillet. Sur les images, publi\u00e9es sur le r\u00e9seau social TikTok, les jeunes femmes, qui s\u2019expriment en fran\u00e7ais et en anglais, apparaissent tr\u00e8s appr\u00eat\u00e9es, maquill\u00e9es et portant des chaussures \u00e0 talon. Elles se pr\u00e9sentent devant l\u2019\u00e9tablissement situ\u00e9 sur la c\u00e9l\u00e8bre avenue Montaigne, dans le 8e arrondissement de Paris, mais se voient interdire l\u2019acc\u00e8s par le vigile, au pr\u00e9texte qu\u2019elles ne portent pas de tenues \u00ab de soir\u00e9e \u00bb.<\/p>\n<p>\u00ab C\u2019est ma premi\u00e8re exp\u00e9rience de racisme \u00bb<br \/>\nA contrario, on peut voir sur les m\u00eames images que des personnes blanches p\u00e9n\u00e8trent sans difficult\u00e9 dans l\u2019\u00e9tablissement et ne sont pas soumises \u00e0 un contr\u00f4le strict de leur tenue vestimentaire. Au moment de l\u2019arriv\u00e9e d\u2019un couple de personnes noires, tout aussi bien habill\u00e9es, l\u2019agent de s\u00e9curit\u00e9 leur refuse \u00e9galement l\u2019entr\u00e9e. \u00ab La seule raison qu\u2019il a pu trouver, c\u2019est que le gars porte un jogging Gucci \u00bb, \u00e9crit la jeune femme qui a partag\u00e9 la vid\u00e9o sur TikTok. Cette derni\u00e8re n\u2019a pas r\u00e9pondu aux sollicitations du Monde.<\/p>\n<p>\u00ab \u00c7a existe pour de vrai\u2026  \u00bb, soupire une des jeunes femmes que l\u2019on entend sur la vid\u00e9o. Et d\u2019ajouter que \u00ab c\u2019est [s]a premi\u00e8re exp\u00e9rience de racisme \u00bb.<\/p>\n<p>Apr\u00e8s la diffusion des images, qui ont largement circul\u00e9 sur les r\u00e9seaux sociaux, le Manko a publi\u00e9 un communiqu\u00e9, pr\u00e9sentant \u00ab ses excuses \u00bb. \u00ab Suite \u00e0 l\u2019incident survenu samedi soir \u00e0 Paris, le Manko pr\u00e9sente ses excuses. Manko respecte une charte de valeurs qui pr\u00f4nent l\u2019\u00e9galit\u00e9, le respect, la tol\u00e9rance et la bienveillance de toutes et tous. Les sanctions n\u00e9cessaires ont \u00e9t\u00e9 imm\u00e9diatement prises et de fa\u00e7on permanente \u00bb, a fait savoir la (\u2026) lire la suite de l\u2019article sur Le Monde.<\/p>\n","protected":false},"excerpt":{"rendered":"<p>L\u2019\u00e9tablissement situ\u00e9 sur la c\u00e9l\u00e8bre avenue Montaigne a pr\u00e9sent\u00e9 ses excuses aux clientes concern\u00e9es et affirm\u00e9 qu\u2019il s\u2019agit d\u2019un \u00ab acte isol\u00e9 \u00bb. Vid\u00e9o \u00e0 l\u2019appui, trois jeunes femmes ont accus\u00e9, mercredi 20 juillet, le Manko, un restaurant parisien, de racisme, apr\u00e8s avoir \u00e9t\u00e9 interdites d\u2019entr\u00e9e dans l\u2019\u00e9tablissement, malgr\u00e9 une r\u00e9servation. Tout commence samedi 16 [&hellip;]<\/p>\n","protected":false},"author":2,"featured_media":14027,"comment_status":"closed","ping_status":"closed","sticky":false,"template":"","format":"standard","meta":{"footnotes":""},"categories":[58],"tags":[],"class_list":{"0":"post-14026","1":"post","2":"type-post","3":"status-publish","4":"format-standard","5":"has-post-thumbnail","7":"category-societe"},"_links":{"self":[{"href":"https:\/\/conakrynews.org\/index.php\/wp-json\/wp\/v2\/posts\/14026","targetHints":{"allow":["GET"]}}],"collection":[{"href":"https:\/\/conakrynews.org\/index.php\/wp-json\/wp\/v2\/posts"}],"about":[{"href":"https:\/\/conakrynews.org\/index.php\/wp-json\/wp\/v2\/types\/post"}],"author":[{"embeddable":true,"href":"https:\/\/conakrynews.org\/index.php\/wp-json\/wp\/v2\/users\/2"}],"replies":[{"embeddable":true,"href":"https:\/\/conakrynews.org\/index.php\/wp-json\/wp\/v2\/comments?post=14026"}],"version-history":[{"count":0,"href":"https:\/\/conakrynews.org\/index.php\/wp-json\/wp\/v2\/posts\/14026\/revisions"}],"wp:featuredmedia":[{"embeddable":true,"href":"https:\/\/conakrynews.org\/index.php\/wp-json\/wp\/v2\/media\/14027"}],"wp:attachment":[{"href":"https:\/\/conakrynews.org\/index.php\/wp-json\/wp\/v2\/media?parent=14026"}],"wp:term":[{"taxonomy":"category","embeddable":true,"href":"https:\/\/conakrynews.org\/index.php\/wp-json\/wp\/v2\/categories?post=14026"},{"taxonomy":"post_tag","embeddable":true,"href":"https:\/\/conakrynews.org\/index.php\/wp-json\/wp\/v2\/tags?post=14026"}],"curies":[{"name":"wp","href":"https:\/\/api.w.org\/{rel}","templated":true}]}}