{"id":14119,"date":"2022-07-27T10:55:29","date_gmt":"2022-07-27T10:55:29","guid":{"rendered":"https:\/\/conakrynews.org\/?p=14119"},"modified":"2022-07-27T10:55:29","modified_gmt":"2022-07-27T10:55:29","slug":"tribunemacron-dans-trois-pays-dafrique-quel-sens-donner-a-ses-visites","status":"publish","type":"post","link":"https:\/\/conakrynews.org\/index.php\/tribunemacron-dans-trois-pays-dafrique-quel-sens-donner-a-ses-visites\/","title":{"rendered":"(Tribune)Macron dans trois pays d\u2019Afrique : quel sens donner \u00e0 ses visites?"},"content":{"rendered":"<p>L\u2019ordre \u00e9tabli apr\u00e8s la deuxi\u00e8me (2\u00e8me) guerre mondiale, semble avoir pris fin. Selon certains chercheurs comme Richard Haass (2019), les institutions mondiales ont \u00e9chou\u00e9 \u00e0 s\u2019adapter aux nouvelles conditions et r\u00e9alit\u00e9s du monde, notamment les relations de pouvoir, les nouveaux acteurs (Cor\u00e9e du Nord, Iran, Chine), l\u2019\u00e9mergence des acteurs non \u00e9tatiques (les r\u00e9seaux de trafiquants de drogue, les r\u00e9seaux de terroristes), Les technologies et le contexte politique. Le fait palpable est le retrait des \u00c9tats Unis de l\u2019Afghanistan en 2021. De nouveaux acteurs se positionnent : la Russie, la Chine et dans une certaine mesure, l\u2019Inde, le Br\u00e9sil et l\u2019Afrique du Sud.<\/p>\n<p>Un nouvel ordre mondial est en construction et cela, en fonction des int\u00e9r\u00eats g\u00e9opolitiques, strat\u00e9giques, s\u00e9curitaires et \u00e9conomiques. La Chine met en avant des strat\u00e9gies bas\u00e9es sur les \u00e9changes commerciaux (qui sont pass\u00e9s de dix (10) milliards d\u2019euros en 2000 d\u2019\u00e9changes commerciaux \u00e0 deux cents (200) milliards d\u2019euros avec l\u2019Afrique en 2020). La Russie, r\u00e9investit sa position jadis occup\u00e9e en Afrique, c\u2019est-\u00e0-dire sous l\u2019\u00e8re URSS, en offrant des partenariats en d\u00e9fense et s\u00e9curit\u00e9 face aux mont\u00e9es des extr\u00e9mistes violents.<\/p>\n<p>L\u2019Afrique est encore malheureusement au c\u0153ur et en proie \u00e0 un autre nouvel ordre. Elle est devenue l\u2019ar\u00e8ne dans laquelle les pays occidentaux et les nouveaux blocs commerciaux cherchent \u00e0 s\u2019affronter sous l\u2019effet d\u2019une convoitise conduite essentiellement par ses nombreuses et vari\u00e9es ressources naturelles. L\u2019UE et particuli\u00e8rement, la France qui a continu\u00e9 sa domination sur ses anciennes colonies, est oblig\u00e9e de repenser sa politique. Elle ne veut plus se faire tr\u00e9pigner et abandonner ses positions d\u2019antan o\u00f9 incontestablement, elle \u00e9tait seule et au-devant de la sc\u00e8ne. Aujourd\u2019hui, elle est devenue tr\u00e8s impopulaire et a perdu toute cr\u00e9dibilit\u00e9 vis-\u00e0-vis d\u2019une jeunesse africaine d\u00e9sormais d\u00e9termin\u00e9e \u00e0 ne pas renouer avec les anciennes pratiques. Ainsi, en d\u00e9sespoir de cause, elle veut influencer la politique interne de ses anciennes colonies par ses supp\u00f4ts blottis dans les m\u00e9andres des organisations sous r\u00e9gionales et au biais d\u2019un multilat\u00e9ralisme d\u00e9suet et anachronique, continuer \u00e0 les subjuguer. Bref ! c\u2019est une nouvelle strat\u00e9gie qui consiste \u00e0 diriger les organisations sous r\u00e9gionales dans l\u2019ombre.<\/p>\n<p>De toute \u00e9vidence, c\u2019est dans ce contexte que des citoyens s\u2019interrogent sur la n\u00e9cessit\u00e9 et la port\u00e9e de la tourn\u00e9e africaine du pr\u00e9sident Macron dans trois (03) pays : Cameroun, Benin et la Guin\u00e9e-Bissau. Que vient-il chercher au moment o\u00f9 l\u2019image de la Fran\u00e7afrique est au plus bas ?<\/p>\n<p>Au Cameroun :<br \/>\nQue vient offrir le Pr\u00e9sident fran\u00e7ais aux camerounais ? sous quel prisme analyser cette visite ?<\/p>\n<p>D\u2019abord, il faut noter qu\u2019il y a une transition qui s\u2019y pr\u00e9pare. Paul Biya a plus de quatre-vingt-dix (90) ans. Il va de soi que sa succession doit \u00eatre pr\u00e9par\u00e9e. D\u2019o\u00f9 la rencontre avec les opposants Camerounais comme Maurice Kamto. Ensuite, Macron veut reconqu\u00e9rir le Cameroun qu\u2019il avait mis de c\u00f4t\u00e9 pendant son premier (1er) quinquennat. Il s\u2019agit de la question s\u00e9curitaire et politique notamment : Boko Haram (\u00e0 l\u2019extr\u00eame nord) et le conflit des s\u00e9paratistes anglophiles (\u00e0 l\u2019ouest et sud-ouest). Enfin, le Cameroun est la premi\u00e8re (1\u00e8re) \u00e9conomie de l\u2019Afrique centrale et partage des fronti\u00e8res avec la Centrafrique o\u00f9 la France qui intervenait seule, rencontre assez de difficult\u00e9s et cela, vis-\u00e0-vis de la mont\u00e9e en puissance des groupes militaires russes qualifi\u00e9s \u00e0 tort ou \u00e0 raison de mercenaires par les occidentaux, le Tchad et la Guin\u00e9e \u00e9quatoriale (des pays producteurs de l\u2019or noir ne sont pas \u00e0 n\u00e9gliger car nous sommes en g\u00e9opolitique).<\/p>\n<p>Au B\u00e9nin, il n\u2019y a pas d\u2019agenda clair pour le jeune Pr\u00e9sident fran\u00e7ais qui se cherche. Ce qui laisse penser qu\u2019au-del\u00e0 des questions s\u00e9curitaires, culturelles et droits de l\u2019homme qui seront abord\u00e9es, Macron pourrait surtout chercher le soutien du m\u00e9diateur d\u00e9sign\u00e9 de la CEDEAO pour la Guin\u00e9e, M. Yayi Boni. Cet aspect diplomatique de la visite, finira en Guin\u00e9e-Bissau avec le pr\u00e9sident Umaro Sissoco Embal\u00f3 qui est le nouveau pr\u00e9sident en exercice de la CEDEAO.<\/p>\n<p>En Guin\u00e9e -Bissau, Macron voudrait travailler et s\u2019assurer des bonnes gr\u00e2ces du nouveau Pr\u00e9sident du Sommet de la CEDEAO. Certes, elle (CEDEAO) lui \u00e9tait d\u00e9j\u00e0 acquise mais qui sait ? les int\u00e9r\u00eats g\u00e9ostrat\u00e9giques \u00e9tant soumis \u00e0 une forte perturbation. Ainsi donc, Macron doit s\u2019assurer que la CEDEAO continuera d\u2019appliquer sa politique de deux (02) poids deux (02) mesures.<\/p>\n<p>Dans le domaine de la s\u00e9curit\u00e9, la France ne voudrait jamais quitter le Sahel, notamment le Mali. Sa nouvelle strat\u00e9gie sera -t-elle donc d\u2019encercler le Mali, en assurant ses arri\u00e8res dans les pays limitrophes du Mali et attendre que \u00ab les enfants terribles \u00bb ou \u00ab Ti\u00e8nygbanani en bambara \u00bb le couple gagnant ASSYMI-CHOGUEL, c\u00e8de le fauteuil \u00e0 un Pr\u00e9sident civil faible et maniable \u00e0 souhait que les d\u00e9mocraties sous les cocotiers savent placer \u00e0 la t\u00eate de nos pauvres \u00c9tats ? ou est-ce peut-\u00eatre parce que le couple ASSYMI-CHOGUEL est en train d\u2019\u00e9chapper \u00e0 la France, que le Mali subit un v\u00e9ritable abandon, cette fois ci \u00e0 l\u2019atterrissage diplomatique et s\u00e9curitaire ?<\/p>\n<p>Aussi, sur le plan \u00e9conomique, la Guin\u00e9e est un terrain \u00e0 reconqu\u00e9rir. Macron qui d\u00e9sire \u00ab reposs\u00e9der \u00bb ce pays qu\u2019il avait plus ou moins perdu avec le Pr\u00e9sident Professeur Alpha Conde, (ancien activiste de mai \u00ab 68 \u00bb et sorti de la Sorbonne) mais que la providence et les contingences, lui fait d\u00e9sormais esp\u00e9rer gr\u00e2ce \u00e0 une nouvelle Transition militaire guin\u00e9enne, ce, depuis le 05 septembre 2021 et sans transition pour la France, qui se voit avec comme pi\u00e8ce de rechange, du Sorbonnard au L\u00e9gionnaire ayant appartenu aux Forces Sp\u00e9ciales fran\u00e7aises en la personne du Pr\u00e9sident Colonel Mamadi DOUMBOUYA (nouvel homme fort de Conakry). Ce repositionnement de la France en Guin\u00e9e, pays strat\u00e9giquement riche en minerais et disposant du gisement de fer le plus important (149 KM lin\u00e9aire) non encore exploit\u00e9 avec l\u2019une des meilleures teneurs (65-70% de teneur en fer) et surtout entretenant de tr\u00e8s bons rapports avec le voisin Malien, reste hautement significatif. Il faut le dire, la Guin\u00e9e a une tradition de sentiment anti-fran\u00e7ais qu\u2019il faille changer pour l\u2019\u00c9lys\u00e9e ! sentiment anti-fran\u00e7ais d\u00e9velopp\u00e9 en Guin\u00e9e \u00e0 la suite du long et douloureux bras de fer issu du referendum du 28 septembre 1958, o\u00f9 la \u00ab Communaut\u00e9 \u00bb propos\u00e9 \u00e0 l\u2019aune de la cinqui\u00e8me (5\u00e8me) R\u00e9publique fran\u00e7aise a \u00e9t\u00e9 rejet\u00e9e par le vaillant peuple de Guin\u00e9e, uni et solidaire sous le leadership de son p\u00e8re de l\u2019ind\u00e9pendance et ses compagnons, le Pr\u00e9sident Camarade Ahmed S\u00e9kou TOUR\u00c9. Mais l\u2019ethnocentrisme a transform\u00e9 et fragilis\u00e9 ce pays et ne permet plus de rassembler les Guin\u00e9ens autour d\u2019un id\u00e9al commun : celui de d\u00e9fendre la nation Guin\u00e9e avant l\u2019ethnie. Ce triste et regrettable, contexte socio-politique guin\u00e9en, le rend vuln\u00e9rable, propice et r\u00e9ceptif \u00e0 un pacte n\u00e9ocolonial que nous rechignons.<\/p>\n<p>Plus que jamais, outre la Guin\u00e9e, il est temps que l\u2019ensemble des pays de la sous-r\u00e9gion se rassemblent et s\u2019unissent \u00e0 l\u2019instar de l\u2019Union Europ\u00e9enne pour assurer leur propre s\u00e9curit\u00e9. \u00c0 cet effet, mutualiser nos forces demeurera un imp\u00e9ratif majeur !<\/p>\n<p>Pour finir, l\u2019embargo sur le Mali a prouv\u00e9 que si nous mutualisons nos forces, on s\u2019en sort. Gr\u00e2ce \u00e0 la Guin\u00e9e et la Mauritanie, le Mali n\u2019a pas \u00e9t\u00e9 asphyxi\u00e9 et humili\u00e9 dans sa r\u00e9silience face aux sanctions \u00e9conomiques iniques de m\u00e9moire d\u2019africain, jamais impos\u00e9es \u00e0 un \u00c9tat membre par une organisation internationale sous la dict\u00e9e de forces \u00e9trang\u00e8res. Nous devons revenir \u00e0 l\u2019id\u00e9al des p\u00e8res de l\u2019ind\u00e9pendances que sont les panafricanistes convaincus et p\u00e8res fondateurs de nos \u00c9tats : Modibo Keita, Kwame Nkruma et Ahmed S\u00e9kou Tour\u00e9 qui parlaient d\u2019une m\u00eame voix, pour reconstruire l\u2019unit\u00e9 africaine.<\/p>\n<p>S\u00e9r\u00e9gb\u00e8 Keita<br \/>\nDoctorante en \u00e9tudes politiques<br \/>\nUniversit\u00e9 d\u2019Ottawa<br \/>\nCanada<\/p>\n","protected":false},"excerpt":{"rendered":"<p>L\u2019ordre \u00e9tabli apr\u00e8s la deuxi\u00e8me (2\u00e8me) guerre mondiale, semble avoir pris fin. Selon certains chercheurs comme Richard Haass (2019), les institutions mondiales ont \u00e9chou\u00e9 \u00e0 s\u2019adapter aux nouvelles conditions et r\u00e9alit\u00e9s du monde, notamment les relations de pouvoir, les nouveaux acteurs (Cor\u00e9e du Nord, Iran, Chine), l\u2019\u00e9mergence des acteurs non \u00e9tatiques (les r\u00e9seaux de trafiquants [&hellip;]<\/p>\n","protected":false},"author":2,"featured_media":14120,"comment_status":"closed","ping_status":"closed","sticky":false,"template":"","format":"standard","meta":{"footnotes":""},"categories":[57],"tags":[],"class_list":{"0":"post-14119","1":"post","2":"type-post","3":"status-publish","4":"format-standard","5":"has-post-thumbnail","7":"category-politique"},"_links":{"self":[{"href":"https:\/\/conakrynews.org\/index.php\/wp-json\/wp\/v2\/posts\/14119","targetHints":{"allow":["GET"]}}],"collection":[{"href":"https:\/\/conakrynews.org\/index.php\/wp-json\/wp\/v2\/posts"}],"about":[{"href":"https:\/\/conakrynews.org\/index.php\/wp-json\/wp\/v2\/types\/post"}],"author":[{"embeddable":true,"href":"https:\/\/conakrynews.org\/index.php\/wp-json\/wp\/v2\/users\/2"}],"replies":[{"embeddable":true,"href":"https:\/\/conakrynews.org\/index.php\/wp-json\/wp\/v2\/comments?post=14119"}],"version-history":[{"count":0,"href":"https:\/\/conakrynews.org\/index.php\/wp-json\/wp\/v2\/posts\/14119\/revisions"}],"wp:featuredmedia":[{"embeddable":true,"href":"https:\/\/conakrynews.org\/index.php\/wp-json\/wp\/v2\/media\/14120"}],"wp:attachment":[{"href":"https:\/\/conakrynews.org\/index.php\/wp-json\/wp\/v2\/media?parent=14119"}],"wp:term":[{"taxonomy":"category","embeddable":true,"href":"https:\/\/conakrynews.org\/index.php\/wp-json\/wp\/v2\/categories?post=14119"},{"taxonomy":"post_tag","embeddable":true,"href":"https:\/\/conakrynews.org\/index.php\/wp-json\/wp\/v2\/tags?post=14119"}],"curies":[{"name":"wp","href":"https:\/\/api.w.org\/{rel}","templated":true}]}}