{"id":14197,"date":"2022-07-29T12:36:26","date_gmt":"2022-07-29T12:36:26","guid":{"rendered":"https:\/\/conakrynews.org\/?p=14197"},"modified":"2022-07-29T12:36:26","modified_gmt":"2022-07-29T12:36:26","slug":"can-2025-la-caf-douche-les-espoirs-du-nigeria-et-ranime-la-guinee","status":"publish","type":"post","link":"https:\/\/conakrynews.org\/index.php\/can-2025-la-caf-douche-les-espoirs-du-nigeria-et-ranime-la-guinee\/","title":{"rendered":"CAN 2025: la CAF douche les espoirs du Nigeria et ranime la Guin\u00e9e"},"content":{"rendered":"<p>Dans une interview accord\u00e9e aux m\u00e9dias de son pays, Amaju Pinnick, le pr\u00e9sident de la F\u00e9d\u00e9ration nig\u00e9riane de football NFF a laiss\u00e9 entendre que son pays pourrait co-organiser l\u2019organisation de la coupe d\u2019Afrique des nations 2025. Une sortie qui a \u00e9t\u00e9 largement comment\u00e9e dans le pays de Ch\u00e9rif Souleymane.<\/p>\n<p>Pour mettre fin au d\u00e9bat, un responsable de la CAF a rejet\u00e9 ses all\u00e9gations du pr\u00e9sident de la F\u00e9d\u00e9ration nig\u00e9riane de football pour une \u00e9ventuelle candidature de son pays. Il d\u00e9clare que ni la CAF, ni les responsables du football guin\u00e9en n\u2019ont envisag\u00e9 un tel sc\u00e9nario.<\/p>\n<p>\u00ab L\u2019h\u00f4te du tournoi 2025 reste la Guin\u00e9e et cela n\u2019a pas chang\u00e9 \u00bb, a d\u00e9clar\u00e9 l\u2019officiel \u00e0 BBC sports.<\/p>\n<p>Avant d\u2019ajouter :\u00ab Nous n\u2019avons rien discut\u00e9 d\u2019un rempla\u00e7ant ni re\u00e7u de communication de la Guin\u00e9e sur l\u2019incapacit\u00e9 d\u2019accueillir. En ce moment m\u00eame, tout est sur la bonne voie pour que la Guin\u00e9e accueille et il n\u2019y a aucune raison de sugg\u00e9rer le contraire \u00bb, a-t-il pr\u00e9cis\u00e9. <\/p>\n<p>C\u2019est une sortie qui va certainement donner l\u2019espoir aux amoureux du roi des sports. Il faut rappeler que les march\u00e9s des constructions des infrastructures pour la CAN 2025 ont \u00e9t\u00e9 d\u00e9j\u00e0 attribu\u00e9s aux entreprises depuis un mois.<\/p>\n<p>Mohamed Camara<\/p>\n","protected":false},"excerpt":{"rendered":"<p>Dans une interview accord\u00e9e aux m\u00e9dias de son pays, Amaju Pinnick, le pr\u00e9sident de la F\u00e9d\u00e9ration nig\u00e9riane de football NFF a laiss\u00e9 entendre que son pays pourrait co-organiser l\u2019organisation de la coupe d\u2019Afrique des nations 2025. Une sortie qui a \u00e9t\u00e9 largement comment\u00e9e dans le pays de Ch\u00e9rif Souleymane. Pour mettre fin au d\u00e9bat, un [&hellip;]<\/p>\n","protected":false},"author":2,"featured_media":14198,"comment_status":"closed","ping_status":"closed","sticky":false,"template":"","format":"standard","meta":{"footnotes":""},"categories":[64],"tags":[],"class_list":{"0":"post-14197","1":"post","2":"type-post","3":"status-publish","4":"format-standard","5":"has-post-thumbnail","7":"category-sport"},"_links":{"self":[{"href":"https:\/\/conakrynews.org\/index.php\/wp-json\/wp\/v2\/posts\/14197","targetHints":{"allow":["GET"]}}],"collection":[{"href":"https:\/\/conakrynews.org\/index.php\/wp-json\/wp\/v2\/posts"}],"about":[{"href":"https:\/\/conakrynews.org\/index.php\/wp-json\/wp\/v2\/types\/post"}],"author":[{"embeddable":true,"href":"https:\/\/conakrynews.org\/index.php\/wp-json\/wp\/v2\/users\/2"}],"replies":[{"embeddable":true,"href":"https:\/\/conakrynews.org\/index.php\/wp-json\/wp\/v2\/comments?post=14197"}],"version-history":[{"count":0,"href":"https:\/\/conakrynews.org\/index.php\/wp-json\/wp\/v2\/posts\/14197\/revisions"}],"wp:featuredmedia":[{"embeddable":true,"href":"https:\/\/conakrynews.org\/index.php\/wp-json\/wp\/v2\/media\/14198"}],"wp:attachment":[{"href":"https:\/\/conakrynews.org\/index.php\/wp-json\/wp\/v2\/media?parent=14197"}],"wp:term":[{"taxonomy":"category","embeddable":true,"href":"https:\/\/conakrynews.org\/index.php\/wp-json\/wp\/v2\/categories?post=14197"},{"taxonomy":"post_tag","embeddable":true,"href":"https:\/\/conakrynews.org\/index.php\/wp-json\/wp\/v2\/tags?post=14197"}],"curies":[{"name":"wp","href":"https:\/\/api.w.org\/{rel}","templated":true}]}}