{"id":14228,"date":"2022-07-30T19:32:44","date_gmt":"2022-07-30T19:32:44","guid":{"rendered":"https:\/\/conakrynews.org\/?p=14228"},"modified":"2022-07-30T19:32:44","modified_gmt":"2022-07-30T19:32:44","slug":"traque-des-responsables-du-fndc-ibrahima-diallo-aussi","status":"publish","type":"post","link":"https:\/\/conakrynews.org\/index.php\/traque-des-responsables-du-fndc-ibrahima-diallo-aussi\/","title":{"rendered":"Traque Des Responsables Du FNDC : Ibrahima Diallo Aussi !!"},"content":{"rendered":"<p>Nous l\u2019apprenons de sources g\u00e9n\u00e9ralement bien inform\u00e9es-Apr\u00e8s l\u2019arrestation la nuit derni\u00e8re du coordinateur du FNDC Fonik\u00e9 Mengu\u00e8, Ibrahima Diallo aussi a \u00e9t\u00e9 mis aux arr\u00eats mais, cette fois-ci, suite \u00e0 une convocation. C\u2019est son \u00e9pouse qui l\u2019a indiqu\u00e9 sur sa page Facebook. Elle informe l\u2019opinion que son mari \u00ab a re\u00e7u une convocation de la DPJ et il s\u2019est rendu avec 4 policiers \u00bb.<\/p>\n<p>Source:avenirguinee.org<\/p>\n","protected":false},"excerpt":{"rendered":"<p>Nous l\u2019apprenons de sources g\u00e9n\u00e9ralement bien inform\u00e9es-Apr\u00e8s l\u2019arrestation la nuit derni\u00e8re du coordinateur du FNDC Fonik\u00e9 Mengu\u00e8, Ibrahima Diallo aussi a \u00e9t\u00e9 mis aux arr\u00eats mais, cette fois-ci, suite \u00e0 une convocation. C\u2019est son \u00e9pouse qui l\u2019a indiqu\u00e9 sur sa page Facebook. Elle informe l\u2019opinion que son mari \u00ab a re\u00e7u une convocation de la [&hellip;]<\/p>\n","protected":false},"author":2,"featured_media":14229,"comment_status":"closed","ping_status":"closed","sticky":false,"template":"","format":"standard","meta":{"footnotes":""},"categories":[57],"tags":[],"class_list":{"0":"post-14228","1":"post","2":"type-post","3":"status-publish","4":"format-standard","5":"has-post-thumbnail","7":"category-politique"},"_links":{"self":[{"href":"https:\/\/conakrynews.org\/index.php\/wp-json\/wp\/v2\/posts\/14228","targetHints":{"allow":["GET"]}}],"collection":[{"href":"https:\/\/conakrynews.org\/index.php\/wp-json\/wp\/v2\/posts"}],"about":[{"href":"https:\/\/conakrynews.org\/index.php\/wp-json\/wp\/v2\/types\/post"}],"author":[{"embeddable":true,"href":"https:\/\/conakrynews.org\/index.php\/wp-json\/wp\/v2\/users\/2"}],"replies":[{"embeddable":true,"href":"https:\/\/conakrynews.org\/index.php\/wp-json\/wp\/v2\/comments?post=14228"}],"version-history":[{"count":0,"href":"https:\/\/conakrynews.org\/index.php\/wp-json\/wp\/v2\/posts\/14228\/revisions"}],"wp:featuredmedia":[{"embeddable":true,"href":"https:\/\/conakrynews.org\/index.php\/wp-json\/wp\/v2\/media\/14229"}],"wp:attachment":[{"href":"https:\/\/conakrynews.org\/index.php\/wp-json\/wp\/v2\/media?parent=14228"}],"wp:term":[{"taxonomy":"category","embeddable":true,"href":"https:\/\/conakrynews.org\/index.php\/wp-json\/wp\/v2\/categories?post=14228"},{"taxonomy":"post_tag","embeddable":true,"href":"https:\/\/conakrynews.org\/index.php\/wp-json\/wp\/v2\/tags?post=14228"}],"curies":[{"name":"wp","href":"https:\/\/api.w.org\/{rel}","templated":true}]}}