{"id":14235,"date":"2022-07-31T15:15:53","date_gmt":"2022-07-31T15:15:53","guid":{"rendered":"https:\/\/conakrynews.org\/?p=14235"},"modified":"2022-07-31T15:15:53","modified_gmt":"2022-07-31T15:15:53","slug":"transition-en-guinee-les-forces-vives-menacent-de-declencher-une-serie-de-manifestations-a-partir-du-15-aout-sur-toute-letendue-du-territoire-national","status":"publish","type":"post","link":"https:\/\/conakrynews.org\/index.php\/transition-en-guinee-les-forces-vives-menacent-de-declencher-une-serie-de-manifestations-a-partir-du-15-aout-sur-toute-letendue-du-territoire-national\/","title":{"rendered":"Transition en Guin\u00e9e : Les Forces vives menacent de d\u00e9clencher une s\u00e9rie de manifestations \u00e0 partir du 15 ao\u00fbt, sur toute l\u2019\u00e9tendue du territoire national."},"content":{"rendered":"<p>Dans une d\u00e9claration parvenue \u00e0 notre r\u00e9daction, les forces vives de la nation d\u00e9noncent les mesures prises par le groupe des putschistes et menacent d\u2019organiser une s\u00e9rie de manifestation illimit\u00e9e \u00e0 partir du 15 Ao\u00fbt 2022<br \/>\nD\u00c9CLARATIONPar son refus d\u00e9lib\u00e9r\u00e9 d\u2019ouvrir un dialogue constructif avec les Forces Vives de la Nation sur la conduite de la Transition conform\u00e9ment aux dispositions de l\u2019article 77 de la Charte de la Transition, le CNRD par ses m\u00e9thodes de r\u00e9pression, de confiscation des libert\u00e9s des citoyens en violation des droits humains est entrain de conduire le pays vers le chaos.<br \/>\nLes violences enregistr\u00e9es ces derniers temps avec des pertes en vies humaines, des bless\u00e9s graves et des d\u00e9g\u00e2ts mat\u00e9riels importants ne sont que les cons\u00e9quences de cette posture de va-t\u2019en en gu\u00e8re du CNRD appuy\u00e9 par ses organes de la transition, dont ils en seront les seuls responsables devant l\u2019histoire.<br \/>\nLes forces vives de la nation, soucieuses de la r\u00e9ussite de la transition pour le retour \u00e0 l\u2019ordre constitutionnel dans un climat apais\u00e9:<br \/>\nCondamnent ces pertes en vie humaine et toutes les formes de violences enregistr\u00e9es au cours de ces derni\u00e8res manifestations;<br \/>\nCondamnent l\u2019instrumentalisation de la justice et les arrestations extrajudiciaires ;<br \/>\nD\u00e9noncent et condamnent la confiscation des libert\u00e9s de r\u00e9union et de manifestation par l\u2019occupation des si\u00e8ges des partis politiques par les forces de d\u00e9fense et de s\u00e9curit\u00e9;<br \/>\nD\u00e9noncent la r\u00e9quisition de l\u2019arm\u00e9e par le ministre de l\u2019administration du territoire et de la d\u00e9centralisation qui en dit long sur la volont\u00e9 du CNRD et ses institutions (CNT, gouvernement,\u2026) \u00e0 confisquer le pouvoir;<br \/>\nD\u00e9noncent les actes de r\u00e9pression enregistr\u00e9s dans les concessions des pauvres citoyens pendant les missions dites de maintien d\u2019ordre par les services de d\u00e9fense et de s\u00e9curit\u00e9;<br \/>\nD\u00e9noncent l\u2019utilisation du communiqu\u00e9 N\u00b012\/CNRD\/2022 du 13 mai 2022 du CNRD par le parquet g\u00e9n\u00e9ral et les maires, relatif \u00e0 l\u2019interdiction des manifestations, et ce en violation des dispositions des articles 8, 32, 33 et 34 de la charte de la transition, de l\u2019article 625 alin\u00e9a 2 du Code de proc\u00e9dure p\u00e9nale, du protocole additionnel de la CEDEAO et de la charte africaine des droits de l\u2019homme et des peuples, portant sur les libert\u00e9s, droits et devoirs fondamentaux.<br \/>\nExigent l\u2019ouverture imm\u00e9diate d\u2019une enqu\u00eate pour que lumi\u00e8re soit faite sur ces cas de mort;<br \/>\nExigent le retour de l\u2019arm\u00e9e dans les casernes ;<br \/>\nExigent le retrait des forces de d\u00e9fense et de s\u00e9curit\u00e9 des si\u00e8ges des entit\u00e9s politiques et sociale d\u00e9j\u00e0 assi\u00e9g\u00e9s ;<br \/>\nExigent la lib\u00e9ration de tous les citoyens et acteurs sociopolitiques arr\u00eat\u00e9s en dehors de toutes les proc\u00e9dures l\u00e9gales ;<br \/>\nExigent l\u2019ouverture imm\u00e9diate d\u2019un cadre de dialogue inclusif ;<br \/>\nNous, Forces Vives de la Nation, tout en exprimant notre compassion aux familles \u00e9plor\u00e9es et souhaitant prompt r\u00e9tablissement aux bless\u00e9s :<br \/>\n\u00d8 Invitons l\u2019ensemble des entit\u00e9s politiques et sociales, ainsi que tous les citoyens soucieux de la r\u00e9ussite de la transition, \u00e0 se tenir pr\u00eats, \u00e0 d\u00e9faut d\u2019un cadre de dialogue r\u00e9el et la satisfaction du reste des revendications, pour des s\u00e9ries de manifestations \u00e0 partir du 15 ao\u00fbt 2022 sur toute l\u2019\u00e9tendue du territoire national, dont les modalit\u00e9s seront donn\u00e9es au moment opportun en collaboration avec les diff\u00e9rentes antennes;<br \/>\n\u00d8 Interpellons la Communaut\u00e9 Sous R\u00e9gionale et Internationale \u00e0 prendre toutes les dispositions idoines pour accompagner le peuple de Guin\u00e9e dans son combat de retour \u00e0 l\u2019ordre constitutionnel normal, avant qu\u2019il ne soit trop tard.<br \/>\nVive les Forces Vives de la Nation,<br \/>\nVive la R\u00e9publique,<br \/>\nToutes et tous, ensemble pour le retour \u00e0 l\u2019ordre constitutionnel normal.<\/p>\n","protected":false},"excerpt":{"rendered":"<p>Dans une d\u00e9claration parvenue \u00e0 notre r\u00e9daction, les forces vives de la nation d\u00e9noncent les mesures prises par le groupe des putschistes et menacent d\u2019organiser une s\u00e9rie de manifestation illimit\u00e9e \u00e0 partir du 15 Ao\u00fbt 2022 D\u00c9CLARATIONPar son refus d\u00e9lib\u00e9r\u00e9 d\u2019ouvrir un dialogue constructif avec les Forces Vives de la Nation sur la conduite de [&hellip;]<\/p>\n","protected":false},"author":2,"featured_media":14236,"comment_status":"closed","ping_status":"closed","sticky":false,"template":"","format":"standard","meta":{"footnotes":""},"categories":[57],"tags":[],"class_list":{"0":"post-14235","1":"post","2":"type-post","3":"status-publish","4":"format-standard","5":"has-post-thumbnail","7":"category-politique"},"_links":{"self":[{"href":"https:\/\/conakrynews.org\/index.php\/wp-json\/wp\/v2\/posts\/14235","targetHints":{"allow":["GET"]}}],"collection":[{"href":"https:\/\/conakrynews.org\/index.php\/wp-json\/wp\/v2\/posts"}],"about":[{"href":"https:\/\/conakrynews.org\/index.php\/wp-json\/wp\/v2\/types\/post"}],"author":[{"embeddable":true,"href":"https:\/\/conakrynews.org\/index.php\/wp-json\/wp\/v2\/users\/2"}],"replies":[{"embeddable":true,"href":"https:\/\/conakrynews.org\/index.php\/wp-json\/wp\/v2\/comments?post=14235"}],"version-history":[{"count":0,"href":"https:\/\/conakrynews.org\/index.php\/wp-json\/wp\/v2\/posts\/14235\/revisions"}],"wp:featuredmedia":[{"embeddable":true,"href":"https:\/\/conakrynews.org\/index.php\/wp-json\/wp\/v2\/media\/14236"}],"wp:attachment":[{"href":"https:\/\/conakrynews.org\/index.php\/wp-json\/wp\/v2\/media?parent=14235"}],"wp:term":[{"taxonomy":"category","embeddable":true,"href":"https:\/\/conakrynews.org\/index.php\/wp-json\/wp\/v2\/categories?post=14235"},{"taxonomy":"post_tag","embeddable":true,"href":"https:\/\/conakrynews.org\/index.php\/wp-json\/wp\/v2\/tags?post=14235"}],"curies":[{"name":"wp","href":"https:\/\/api.w.org\/{rel}","templated":true}]}}