{"id":14238,"date":"2022-08-01T12:25:00","date_gmt":"2022-08-01T12:25:00","guid":{"rendered":"https:\/\/conakrynews.org\/?p=14238"},"modified":"2022-08-02T11:10:42","modified_gmt":"2022-08-02T11:10:42","slug":"elhadj-habib-hann-je-nai-aucune-interdiction-de-voyager-on-ma-restitue-tous-mes-documents","status":"publish","type":"post","link":"https:\/\/conakrynews.org\/index.php\/elhadj-habib-hann-je-nai-aucune-interdiction-de-voyager-on-ma-restitue-tous-mes-documents\/","title":{"rendered":"Elhadj Habib Hann: \u2039\u2039 je n&rsquo;ai aucune interdiction de voyager, on m&rsquo;a restitu\u00e9 tous mes documents\u203a\u203a"},"content":{"rendered":"<p>Apr\u00e8s  avoir recouvr\u00e9 sa libert\u00e9  le weekend dernier ,le vice-pr\u00e9sident de la Conf\u00e9d\u00e9ration G\u00e9n\u00e9rale des Entreprises de Guin\u00e9e (CGE-GUI), charg\u00e9 de la gouvernance et du d\u00e9veloppement,El Hadj Mohamed Habib Hann a accord\u00e9 une interview \u00e0 nos confr\u00e8res de FIM FM ce  Lundi matin. Cela, pour r\u00e9pondre \u00e0  des questions sur son Kidnapping le mardi dernier  \u00e0 l&rsquo;a\u00e9roport \u00ab\u00a0Ahmed S\u00e9kou Tour\u00e9\u00a0\u00bb  lorsqu&rsquo;il s&rsquo;appr\u00eatait de prendre son avion pour s&rsquo;enqu\u00e9rir de la situation de son fr\u00e8re Ousmane N&rsquo;Gal\u00e9 Hann incarc\u00e9r\u00e9 \u00e0 la  prison de Rebeuss(S\u00e9n\u00e9gal).<\/p>\n<p>Interrog\u00e9 sur des conditions de son interpellation,l&rsquo;homme d&rsquo;affaires et vice-pr\u00e9sident de la Conf\u00e9d\u00e9ration G\u00e9n\u00e9rale des Entreprises de Guin\u00e9e (CGE-GUI), charg\u00e9 de la gouvernance et du d\u00e9veloppement,  a expliqu\u00e9 :<\/p>\n<p>\u2039\u2039 Je me rendais ce jour \u00e0 Dakar parce que j&rsquo;ai  un fr\u00e8re qui  a des soucis de ce c\u00f4t\u00e9. Ainsi, de mes bureaux je suis all\u00e9 directement \u00e0 l&rsquo;a\u00e9roport;o\u00f9 j&rsquo;avais fait mes formalit\u00e9s correctement et j&rsquo;\u00e9tais pr\u00eat \u00e0 l&#8217;embarquement. C&rsquo;est \u00e0 ce moment  que j&rsquo;ai \u00e9t\u00e9 interpell\u00e9 par des services de s\u00e9curit\u00e9 de l&rsquo;a\u00e9roport qui m&rsquo;ont gentillement demand\u00e9 de les accompagner et  c&rsquo;est ce que j&rsquo;ai fait dans leur bureau\u203a\u203a, a &#8211; t-il introduit.<\/p>\n<p>Avant d&rsquo;ajouter :\u2039\u2039\u2039 Et de par la suite j&rsquo;ai \u00e9t\u00e9 auditionn\u00e9 sur des sujets qui sont li\u00e9s \u00e0 mon voyage, \u00e0 certaines de mes activit\u00e9s mai il y a eu beaucoup plus de peur que de mal.Mais dans l&rsquo;ensemble,il est certe que certaines pratiques sont un peu plus difficiles.Je suis op\u00e9rateur \u00e9conomique et j&rsquo;active positivement dans ce pays et tout le monde  conna\u00eet mon parcours en Guin\u00e9e.Donc, m\u00eame sans m&rsquo;interpeller on peut d\u00e8s fois r\u00e9pondre plus au moins \u00e0 toutes pr\u00e9occupations me concernant ou qui concerne un peu des activit\u00e9s dans lesquelles j&rsquo;\u00e9volue.Voil\u00e0 un peu  l&rsquo;essentiel   de ce que je peux vous dire sur mon interpellation\u203a\u203a, a -t-il ajout\u00e9.<\/p>\n<p>Sur ses conditions sanitaires,le pr\u00e9sident El Hadj Mohamed Habib Hann, a  affirm\u00e9 :<\/p>\n<p>\u2039\u2039J&rsquo;avoue que j&rsquo;ai eu toute l&rsquo;assistance qu&rsquo;il fallait.J&rsquo;avais re\u00e7u mes m\u00e9dicaments par des services qu&rsquo;il y avait dans leurs locaux&#8230;Bon,il n&rsquo; y a eu  de m\u00e9decin mais je me g\u00e8re,je sais plus au moins \u00e9tant diab\u00e9tique je sais comment faire mon \u00e9tat de sant\u00e9\u203a\u203a, a -t-il affirm\u00e9.<\/p>\n<p>Concernant le lieu de sa destination, le vice-pr\u00e9sident de la CGE-GUI a dit:<\/p>\n<p>\u2039\u2039 L\u00e0 o\u00f9 j&rsquo;\u00e9tais je ne peux pas le confirmer parce que je ne le sais pas.J&rsquo;ai \u00e9t\u00e9 conduit la nuit pour r\u00e9pondre \u00e0 des questionnaires.Apr\u00e8s quelques jours,j&rsquo;ai \u00e9t\u00e9 inform\u00e9 que la plus grande autorit\u00e9 a autoris\u00e9 ma lib\u00e9ration.Donc, c&rsquo;est ce qui s&rsquo;est pass\u00e9,et j&rsquo;ai \u00e9t\u00e9 conduit \u00e0 mon domicile \u203a\u203a dit-il.<\/p>\n<p>\u2039\u2039 Je n&rsquo;ai pas eu de pr\u00e9occupations \u00e0 r\u00e9pondre \u00e0 tout ce qu&rsquo;on m&rsquo;a demand\u00e9 parce que rien ne me culpabilisait sinc\u00e8rement.S&rsquo;il y a eu des tendances qui allaient en dehors de cela,je suis libre de mes actions et de mes pens\u00e9es.Tout le.monde me connait pour mon franc parler\u203a\u203a, a fait savoir le pr\u00e9sident Hann. <\/p>\n<p>Parlant de  la situation de son fr\u00e8re \u00e0 Dakar, il a pr\u00e9cis\u00e9 :<\/p>\n<p>\u2039\u2039 Je vous dit simplement que la pr\u00e9occupation de mon fr\u00e8re au S\u00e9n\u00e9gal c&rsquo;est dans les revues des m\u00e9dias que j&rsquo;ai suivi.Il donnait des tendances \u00e0 soutenir un parti politique en Guin\u00e9e, apr\u00e8s j&rsquo;ai \u00e9t\u00e9 inform\u00e9 que ledit parti politique a d\u00e9menti des informations fournies par mon fr\u00e8re \u00e0 Dakar.Mais en tant que fr\u00e8re a\u00een\u00e9 de la famille Hann, ma premi\u00e8re  pr\u00e9occupation \u00e9tait d&rsquo;abord me rendre l\u00e0 o\u00f9 se trouverait  mon fr\u00e8re pour m&rsquo;enqu\u00e9rir de ce qui se passe et apporter toute mon assistance n\u00e9cessaire,c&rsquo;est  ce que je  devais\u203a\u203a, a -t-il pr\u00e9cis\u00e9.<\/p>\n<p> Avant de rassurer nos confr\u00e8res de FIM FM sur la situation de ses  documents de voyage.<\/p>\n<p>\u2039\u2039On m&rsquo;a restitu\u00e9  tous mes documents de voyage et je n&rsquo;ai aucune interdiction de voyager\u203a\u203a , rassure t-il.<\/p>\n<p>Pour mettre un terme \u00e0 ses propos,le vice-pr\u00e9sident charg\u00e9 de la gouvernance et du d\u00e9veloppement de la CGE-GUI a remerci\u00e9  son avocat ,sa famille ,ses coll\u00e8gues du patronat,ses collaborateurs,le secteur priv\u00e9 Guin\u00e9en ainsi que les m\u00e9dias pour avoir manifest\u00e9 leur compassion par rapport \u00e0  ce qui lui ait arriv\u00e9 le mardi dernier \u00e0 l&rsquo;a\u00e9roport \u2039&rsquo;Ahmed S\u00e9kou Tour\u00e9 \u203a\u203a<\/p>\n<p>Sylla Ibrahima Kalil, pour www.conakrynews.org 625444534<\/p>\n","protected":false},"excerpt":{"rendered":"<p>Apr\u00e8s avoir recouvr\u00e9 sa libert\u00e9 le weekend dernier ,le vice-pr\u00e9sident de la Conf\u00e9d\u00e9ration G\u00e9n\u00e9rale des Entreprises de Guin\u00e9e (CGE-GUI), charg\u00e9 de la gouvernance et du d\u00e9veloppement,El Hadj Mohamed Habib Hann a accord\u00e9 une interview \u00e0 nos confr\u00e8res de FIM FM ce Lundi matin. Cela, pour r\u00e9pondre \u00e0 des questions sur son Kidnapping le mardi dernier [&hellip;]<\/p>\n","protected":false},"author":2,"featured_media":14239,"comment_status":"closed","ping_status":"closed","sticky":false,"template":"","format":"standard","meta":{"footnotes":""},"categories":[58],"tags":[],"class_list":{"0":"post-14238","1":"post","2":"type-post","3":"status-publish","4":"format-standard","5":"has-post-thumbnail","7":"category-societe"},"_links":{"self":[{"href":"https:\/\/conakrynews.org\/index.php\/wp-json\/wp\/v2\/posts\/14238","targetHints":{"allow":["GET"]}}],"collection":[{"href":"https:\/\/conakrynews.org\/index.php\/wp-json\/wp\/v2\/posts"}],"about":[{"href":"https:\/\/conakrynews.org\/index.php\/wp-json\/wp\/v2\/types\/post"}],"author":[{"embeddable":true,"href":"https:\/\/conakrynews.org\/index.php\/wp-json\/wp\/v2\/users\/2"}],"replies":[{"embeddable":true,"href":"https:\/\/conakrynews.org\/index.php\/wp-json\/wp\/v2\/comments?post=14238"}],"version-history":[{"count":0,"href":"https:\/\/conakrynews.org\/index.php\/wp-json\/wp\/v2\/posts\/14238\/revisions"}],"wp:featuredmedia":[{"embeddable":true,"href":"https:\/\/conakrynews.org\/index.php\/wp-json\/wp\/v2\/media\/14239"}],"wp:attachment":[{"href":"https:\/\/conakrynews.org\/index.php\/wp-json\/wp\/v2\/media?parent=14238"}],"wp:term":[{"taxonomy":"category","embeddable":true,"href":"https:\/\/conakrynews.org\/index.php\/wp-json\/wp\/v2\/categories?post=14238"},{"taxonomy":"post_tag","embeddable":true,"href":"https:\/\/conakrynews.org\/index.php\/wp-json\/wp\/v2\/tags?post=14238"}],"curies":[{"name":"wp","href":"https:\/\/api.w.org\/{rel}","templated":true}]}}