{"id":14278,"date":"2022-08-03T11:16:12","date_gmt":"2022-08-03T11:16:12","guid":{"rendered":"https:\/\/conakrynews.org\/?p=14278"},"modified":"2022-08-03T11:18:48","modified_gmt":"2022-08-03T11:18:48","slug":"au-soudan-le-puissant-chef-militaire-hemetti-devoile-ses-ambitions-politiques","status":"publish","type":"post","link":"https:\/\/conakrynews.org\/index.php\/au-soudan-le-puissant-chef-militaire-hemetti-devoile-ses-ambitions-politiques\/","title":{"rendered":"Au Soudan, le puissant chef militaire \u00abHemetti\u00bb d\u00e9voile ses ambitions politiques"},"content":{"rendered":"<p>Dans une interview hier soir \u00e0 la BBC, Mohamed Hamdan Daglo, surnomm\u00e9 \u00ab Hemetti \u00bb, a d\u00e9clar\u00e9 qu\u2019il ne voulait pas se pr\u00e9senter aux \u00e9lections de 2023. Mais il pourrait revoir sa position si la situation du pays continuait \u00e0 s\u2019aggraver.<\/p>\n<p>\u00ab Le putsch d\u2019octobre a \u00e9chou\u00e9. Nous avons \u00e9chou\u00e9 \u00e0 amener le changement. La situation n\u2019a fait qu\u2019empirer \u00bb, a d\u00e9clar\u00e9 \u00ab Hemetti \u00bb depuis El Geneina, au Darfour. Des propos qui tranchent par leur franchise, mais qui sont loin d\u2019\u00eatre innocents, car depuis longtemps le chef des forces de soutien rapide (RSF) fa\u00e7onne son image de leader et de faiseur de paix. \u00ab Hemetti \u00bb est le num\u00e9ro deux du Conseil de souverainet\u00e9, l\u2019organe qui dirige le pays et compos\u00e9 uniquement de militaires, notamment depuis le coup d\u2019\u00c9tat d\u2019octobre dernier. Il dirige aussi les RSF depuis 2013. Les paramilitaires sont accus\u00e9s de crimes sanglants au Darfour durant la guerre civile, et de multiples exactions au fil des ann\u00e9es dans le pays.<\/p>\n<p>\u00ab Je n\u2019ai pas pour ambition de me pr\u00e9senter aux \u00e9lections. Mais si on voit que le Soudan se dirige vers le gouffre, on sera l\u00e0, on fait partie du peuple soudanais \u00bb, a-t-il ainsi confi\u00e9, d\u00e9voilant pour la premi\u00e8re fois des ambitions politiques.<\/p>\n<p>Or depuis des mois, \u00ab Hemetti \u00bb soigne ses relations publiques et sa stature. Il est officiellement parti s\u2019installer au Darfour pour sceller des accords de r\u00e9conciliation entre tribus arabes et non arabes. Il s\u2019est engag\u00e9 \u00e0 payer de sa poche des compensations pour les familles de victimes. Il a aussi promis la cr\u00e9ation d\u2019un fonds sp\u00e9cial pour garantir le retour des d\u00e9plac\u00e9s.<\/p>\n<p>Certains estiment qu\u2019avec son influence et sa fortune, il repr\u00e9sente un candidat s\u00e9rieux. Mais d\u2019autres le ha\u00efssent. Si certains interpr\u00e8tent son activisme et ses promesses comme une op\u00e9ration de communication, d\u2019autres y voient une fa\u00e7on de prouver son influence, voire de se montrer indispensable \u00e0 la stabilit\u00e9 du pays.<\/p>\n<p>Le chercheur J\u00e9r\u00f4me Tubiana, sp\u00e9cialiste du Soudan, n&rsquo;est pas surpris par les propos du chef de guerre : \u00ab Il joue d\u00e9j\u00e0 un r\u00f4le politique, un r\u00f4le militaire, un r\u00f4le \u00e9conomique important. \u00bb<\/p>\n<p>Si ce n&rsquo;est pas r\u00e9aliste, c&rsquo;est d&rsquo;abord parce qu&rsquo;il ne fait pas parti de l&rsquo;\u00e9lite traditionnelle soudanaise, il n&rsquo;est pas \u00e9duqu\u00e9, il n&rsquo;est pas du centre du pays, il est du Darfour et jamais aucun Darfourien n&rsquo;a dirig\u00e9 ce pays<\/p>\n<p>RFI<\/p>\n","protected":false},"excerpt":{"rendered":"<p>Dans une interview hier soir \u00e0 la BBC, Mohamed Hamdan Daglo, surnomm\u00e9 \u00ab Hemetti \u00bb, a d\u00e9clar\u00e9 qu\u2019il ne voulait pas se pr\u00e9senter aux \u00e9lections de 2023. Mais il pourrait revoir sa position si la situation du pays continuait \u00e0 s\u2019aggraver. \u00ab Le putsch d\u2019octobre a \u00e9chou\u00e9. Nous avons \u00e9chou\u00e9 \u00e0 amener le changement. La [&hellip;]<\/p>\n","protected":false},"author":2,"featured_media":14280,"comment_status":"closed","ping_status":"closed","sticky":false,"template":"","format":"standard","meta":{"footnotes":""},"categories":[57],"tags":[],"class_list":{"0":"post-14278","1":"post","2":"type-post","3":"status-publish","4":"format-standard","5":"has-post-thumbnail","7":"category-politique"},"_links":{"self":[{"href":"https:\/\/conakrynews.org\/index.php\/wp-json\/wp\/v2\/posts\/14278","targetHints":{"allow":["GET"]}}],"collection":[{"href":"https:\/\/conakrynews.org\/index.php\/wp-json\/wp\/v2\/posts"}],"about":[{"href":"https:\/\/conakrynews.org\/index.php\/wp-json\/wp\/v2\/types\/post"}],"author":[{"embeddable":true,"href":"https:\/\/conakrynews.org\/index.php\/wp-json\/wp\/v2\/users\/2"}],"replies":[{"embeddable":true,"href":"https:\/\/conakrynews.org\/index.php\/wp-json\/wp\/v2\/comments?post=14278"}],"version-history":[{"count":0,"href":"https:\/\/conakrynews.org\/index.php\/wp-json\/wp\/v2\/posts\/14278\/revisions"}],"wp:featuredmedia":[{"embeddable":true,"href":"https:\/\/conakrynews.org\/index.php\/wp-json\/wp\/v2\/media\/14280"}],"wp:attachment":[{"href":"https:\/\/conakrynews.org\/index.php\/wp-json\/wp\/v2\/media?parent=14278"}],"wp:term":[{"taxonomy":"category","embeddable":true,"href":"https:\/\/conakrynews.org\/index.php\/wp-json\/wp\/v2\/categories?post=14278"},{"taxonomy":"post_tag","embeddable":true,"href":"https:\/\/conakrynews.org\/index.php\/wp-json\/wp\/v2\/tags?post=14278"}],"curies":[{"name":"wp","href":"https:\/\/api.w.org\/{rel}","templated":true}]}}