{"id":14296,"date":"2022-08-04T09:58:16","date_gmt":"2022-08-04T09:58:16","guid":{"rendered":"https:\/\/conakrynews.org\/?p=14296"},"modified":"2022-08-04T09:58:16","modified_gmt":"2022-08-04T09:58:16","slug":"guinee-ouverture-des-travaux-des-journees-nationales-de-consultation-sur-la-transformation-de-leducation","status":"publish","type":"post","link":"https:\/\/conakrynews.org\/index.php\/guinee-ouverture-des-travaux-des-journees-nationales-de-consultation-sur-la-transformation-de-leducation\/","title":{"rendered":"Guin\u00e9e: Ouverture des travaux des Journ\u00e9es Nationales de Consultation sur la transformation de l\u2019\u00c9ducation"},"content":{"rendered":"<p>Le Premier ministre par int\u00e9rim Dr Bernard Gomou pr\u00e9side en ce moment la c\u00e9r\u00e9monie d\u2019ouverture des Journ\u00e9es Nationales de Consultation sur la transformation de l\u2019\u00c9ducation en Guin\u00e9e.<\/p>\n<p>Ces journ\u00e9es nationales de consultation se tiennent en pr\u00e9lude du Sommet sur la Transformation de l\u2019\u00c9ducation pr\u00e9vue en septembre 2022.<\/p>\n<p>Elles ont pour but de d\u00e9velopper une vision commune de l\u2019avenir de l\u2019\u00e9ducation et de renforcer l\u2019engagement politique et public, d\u2019aligner les actions innovantes prioritaires entre les diff\u00e9rentes parties prenantes et de mobiliser les capacit\u00e9s collectives pour concr\u00e9tiser cette vision d\u2019ici \u00e0 2030.<\/p>\n<p>Quatre th\u00e9matiques y seront d\u00e9battues :<br \/>\nTHEME 1 : Assurer le r\u00e9tablissement complet de l\u2019enseignement, apr\u00e8s les perturbations dues \u00e0 la COVID-19;<\/p>\n<p>THEME 2 : Des transformations strat\u00e9giques et les principaux leviers permettant de r\u00e9imaginer l\u2019\u00e9ducation pour le XXIe si\u00e8cle et d\u2019acc\u00e9l\u00e9rer les progr\u00e8s vers les objectifs communs en mati\u00e8re d\u2019\u00e9ducation;<\/p>\n<p>THEME 3 : Assurer un financement public de l\u2019\u00e9ducation renforc\u00e9 et plus durable<br \/>\nTHEME 4 : Accro\u00eetre l\u2019ambition des objectifs et des crit\u00e8res de r\u00e9f\u00e9rence nationaux en mati\u00e8re d\u2019\u00e9ducation;<\/p>\n<p> Avec CCG<\/p>\n","protected":false},"excerpt":{"rendered":"<p>Le Premier ministre par int\u00e9rim Dr Bernard Gomou pr\u00e9side en ce moment la c\u00e9r\u00e9monie d\u2019ouverture des Journ\u00e9es Nationales de Consultation sur la transformation de l\u2019\u00c9ducation en Guin\u00e9e. Ces journ\u00e9es nationales de consultation se tiennent en pr\u00e9lude du Sommet sur la Transformation de l\u2019\u00c9ducation pr\u00e9vue en septembre 2022. Elles ont pour but de d\u00e9velopper une vision [&hellip;]<\/p>\n","protected":false},"author":2,"featured_media":14297,"comment_status":"closed","ping_status":"closed","sticky":false,"template":"","format":"standard","meta":{"footnotes":""},"categories":[62],"tags":[],"class_list":{"0":"post-14296","1":"post","2":"type-post","3":"status-publish","4":"format-standard","5":"has-post-thumbnail","7":"category-culture"},"_links":{"self":[{"href":"https:\/\/conakrynews.org\/index.php\/wp-json\/wp\/v2\/posts\/14296","targetHints":{"allow":["GET"]}}],"collection":[{"href":"https:\/\/conakrynews.org\/index.php\/wp-json\/wp\/v2\/posts"}],"about":[{"href":"https:\/\/conakrynews.org\/index.php\/wp-json\/wp\/v2\/types\/post"}],"author":[{"embeddable":true,"href":"https:\/\/conakrynews.org\/index.php\/wp-json\/wp\/v2\/users\/2"}],"replies":[{"embeddable":true,"href":"https:\/\/conakrynews.org\/index.php\/wp-json\/wp\/v2\/comments?post=14296"}],"version-history":[{"count":0,"href":"https:\/\/conakrynews.org\/index.php\/wp-json\/wp\/v2\/posts\/14296\/revisions"}],"wp:featuredmedia":[{"embeddable":true,"href":"https:\/\/conakrynews.org\/index.php\/wp-json\/wp\/v2\/media\/14297"}],"wp:attachment":[{"href":"https:\/\/conakrynews.org\/index.php\/wp-json\/wp\/v2\/media?parent=14296"}],"wp:term":[{"taxonomy":"category","embeddable":true,"href":"https:\/\/conakrynews.org\/index.php\/wp-json\/wp\/v2\/categories?post=14296"},{"taxonomy":"post_tag","embeddable":true,"href":"https:\/\/conakrynews.org\/index.php\/wp-json\/wp\/v2\/tags?post=14296"}],"curies":[{"name":"wp","href":"https:\/\/api.w.org\/{rel}","templated":true}]}}