{"id":14302,"date":"2022-08-04T12:43:55","date_gmt":"2022-08-04T12:43:55","guid":{"rendered":"https:\/\/conakrynews.org\/?p=14302"},"modified":"2022-08-04T12:43:55","modified_gmt":"2022-08-04T12:43:55","slug":"exclusif-des-ministres-maliens-retenus-a-conakry-pour-participer-au-conseil-des-ministres","status":"publish","type":"post","link":"https:\/\/conakrynews.org\/index.php\/exclusif-des-ministres-maliens-retenus-a-conakry-pour-participer-au-conseil-des-ministres\/","title":{"rendered":"Exclusif. Des ministres maliens (retenus) \u00e0 Conakry pour participer au conseil des ministres"},"content":{"rendered":"<p>La Guin\u00e9e et le Mali continuent de c\u00e9l\u00e9brer leur vieille et fascinante relation. C\u2019est une information d\u2019une source g\u00e9n\u00e9ralement bien inform\u00e9e. Des ministres maliens [au nombre de 5] -arriv\u00e9s discr\u00e8tement \u00e0 Conakry- pourraient participer -sauf derni\u00e8re d\u00e9cision- au conseil des ministres de ce jeudi, 4 ao\u00fbt au Palais Mohammed V.<\/p>\n<p>Sont en Guin\u00e9e depuis hier, les ministres maliens de l\u2019\u00c9conomie et des Finances, de l\u2019Administration territoriale et de la d\u00e9centralisation, du Commerce, des Transports et des Infrastructures et des Affaires \u00e9trang\u00e8res.<\/p>\n<p>Comme on le sait, pendant tout le r\u00e8gne du premier pr\u00e9sident guin\u00e9en Ahmed S\u00e9kou Tour\u00e9, un ambassadeur guin\u00e9en au Mali participait au conseil des ministres et de m\u00eame pour un ambassadeur malien \u00e0 Conakry.<\/p>\n<p>Locomotive du panafricanisme africain, la Guin\u00e9e \u00e0 travers son pr\u00e9sident de la transition veut r\u00e9habiliter la m\u00eame pratique que S\u00e9kou Tour\u00e9 et Modibo on cr\u00e9\u00e9e.<\/p>\n<p>Le pr\u00e9sident S\u00e9kou Tour\u00e9 navait-il pas dit que la Guin\u00e9e et le Mali sont deux poumons dans un m\u00eame corps\u2026<\/p>\n<p>Moussa Oulen Traor\u00e9, correspondant \u00e0 Bamako<\/p>\n","protected":false},"excerpt":{"rendered":"<p>La Guin\u00e9e et le Mali continuent de c\u00e9l\u00e9brer leur vieille et fascinante relation. C\u2019est une information d\u2019une source g\u00e9n\u00e9ralement bien inform\u00e9e. Des ministres maliens [au nombre de 5] -arriv\u00e9s discr\u00e8tement \u00e0 Conakry- pourraient participer -sauf derni\u00e8re d\u00e9cision- au conseil des ministres de ce jeudi, 4 ao\u00fbt au Palais Mohammed V. Sont en Guin\u00e9e depuis hier, [&hellip;]<\/p>\n","protected":false},"author":2,"featured_media":14303,"comment_status":"closed","ping_status":"closed","sticky":false,"template":"","format":"standard","meta":{"footnotes":""},"categories":[57],"tags":[],"class_list":{"0":"post-14302","1":"post","2":"type-post","3":"status-publish","4":"format-standard","5":"has-post-thumbnail","7":"category-politique"},"_links":{"self":[{"href":"https:\/\/conakrynews.org\/index.php\/wp-json\/wp\/v2\/posts\/14302","targetHints":{"allow":["GET"]}}],"collection":[{"href":"https:\/\/conakrynews.org\/index.php\/wp-json\/wp\/v2\/posts"}],"about":[{"href":"https:\/\/conakrynews.org\/index.php\/wp-json\/wp\/v2\/types\/post"}],"author":[{"embeddable":true,"href":"https:\/\/conakrynews.org\/index.php\/wp-json\/wp\/v2\/users\/2"}],"replies":[{"embeddable":true,"href":"https:\/\/conakrynews.org\/index.php\/wp-json\/wp\/v2\/comments?post=14302"}],"version-history":[{"count":0,"href":"https:\/\/conakrynews.org\/index.php\/wp-json\/wp\/v2\/posts\/14302\/revisions"}],"wp:featuredmedia":[{"embeddable":true,"href":"https:\/\/conakrynews.org\/index.php\/wp-json\/wp\/v2\/media\/14303"}],"wp:attachment":[{"href":"https:\/\/conakrynews.org\/index.php\/wp-json\/wp\/v2\/media?parent=14302"}],"wp:term":[{"taxonomy":"category","embeddable":true,"href":"https:\/\/conakrynews.org\/index.php\/wp-json\/wp\/v2\/categories?post=14302"},{"taxonomy":"post_tag","embeddable":true,"href":"https:\/\/conakrynews.org\/index.php\/wp-json\/wp\/v2\/tags?post=14302"}],"curies":[{"name":"wp","href":"https:\/\/api.w.org\/{rel}","templated":true}]}}