{"id":1431,"date":"2017-08-24T03:07:22","date_gmt":"2017-08-24T01:07:22","guid":{"rendered":"https:\/\/conakrynews.org\/?p=1431"},"modified":"2025-03-12T13:01:27","modified_gmt":"2025-03-12T13:01:27","slug":"conakry-contreverites-reponse-magistrats","status":"publish","type":"post","link":"https:\/\/conakrynews.org\/index.php\/conakry-contreverites-reponse-magistrats\/","title":{"rendered":"Conakry : Les contrev\u00e9rit\u00e9s  dans la r\u00e9ponse des magistrats !"},"content":{"rendered":"<p><img loading=\"lazy\" decoding=\"async\" class=\"alignnone size-medium wp-image-1432\" src=\"https:\/\/conakrynews.org\/wp-content\/uploads\/2017\/08\/photo-thiam-515x345.png\" alt=\"\" width=\"515\" height=\"345\" srcset=\"https:\/\/conakrynews.org\/wp-content\/uploads\/2017\/08\/photo-thiam-515x345.png 515w, https:\/\/conakrynews.org\/wp-content\/uploads\/2017\/08\/photo-thiam-768x515.png 768w, https:\/\/conakrynews.org\/wp-content\/uploads\/2017\/08\/photo-thiam.png 978w\" sizes=\"auto, (max-width: 515px) 100vw, 515px\" \/>Nous rappelons d\u2019embl\u00e9e que\u00a0\u00a0 Moussa Iboun Cont\u00e9\u00a0\u00a0 n\u2019a\u00a0 nullement agi sous le mandat de l\u2019AGEPI, car ceci n\u2019apparait point dans sa\u00a0 tribune parue dans la presse contrairement \u00e0 celle de monsieur Mohamed Aly Thiam, car nous n\u2019en faisons pas d\u2019amalgame \u00e0\u00a0 l\u2019AGEPI.<\/p>\n<p>Nous voudrions ensuite rappeler que vous interpr\u00e9tez partiellement et dans la confusion, d\u00fb\u00a0 \u00e0 la\u00a0 non maitrise des dispositions contenues dans la Constitution et des Lois organiques.<\/p>\n<p>Vous faites donc honte \u00e0 la famille des magistrats avec un tel niveau de m\u00e9diocrit\u00e9.<\/p>\n<p>Tant\u00f4t vous parlez de la Constitution, tant\u00f4t vous parlez de texte, voil\u00e0 la preuve du niveau de certains magistrats assis et d\u00e9bout qui font la honte de la corporation, n\u2019arrivant m\u00eame pas \u00e0 faire une interpr\u00e9tation correcte des dispositions constitutionnelles et organiques\u00a0 qui r\u00e9gissent le mode de fonctionnement d\u2019une Nation.<\/p>\n<p>Vous faites la honte de votre famille professionnelle en arrivant\u00a0 m\u00eame\u00a0 pas \u00e0 faire la diff\u00e9rence\u00a0 entre les dispositions constitutionnelles et les textes de Loi Organiques, tous vot\u00e9s par les 2\/3 des d\u00e9put\u00e9s qui composent l\u2019Assembl\u00e9e Nationale Guin\u00e9enne.<\/p>\n<p>Votre niveau d\u2019instruction en mati\u00e8re de droit positif laisse \u00e0 d\u00e9sirer malgr\u00e9\u00a0 le fait que vous vous r\u00e9clamez\u00a0 du corps des magistrats dont nous respectons tant tout en vous rappelant les dispositions de l\u2019article 46\u00a0 de la Constitution\u00a0 qui dispose \u00a0: \u00ab\u00a0Le Pr\u00e9sident de la R\u00e9publique dispose du pouvoir r\u00e8glementaire qu\u2019il exerce par D\u00e9cret.<\/p>\n<p>Il fixe par d\u00e9cret les attributions de chaque ministre.\u00a0 Il peut d\u00e9l\u00e9guer une partie de ses pouvoirs au Premier Ministre.<\/p>\n<p>Il nomme en Conseil des Ministres aux emplois civils dont la liste est fix\u00e9e par une Loi Organique\u00a0\u00bb<\/p>\n<p>De m\u00eame que l\u2019article 47 de la Constitution, alin\u00e9a 5, qui dispose\u00a0: \u00ab\u00a0Il nomme \u00e0 tous les emplois militaires\u00a0\u00bb.<\/p>\n<p>Nous r\u00e9it\u00e9rons que le Pr\u00e9sident de l\u2019Association Guin\u00e9enne des Editeurs de la Presse Ind\u00e9pendante (AGEPI) n\u2019a jamais parl\u00e9 au nom de l\u2019association dont il a l\u2019insigne honneur de pr\u00e9sider.<\/p>\n<p>Tr\u00e8s malheureusement, nous constatons que ce magistrat\u00a0 confond la personne morale \u00e0 la personne physique,\u00a0 car le Pr\u00e9sident est une personne physique, \u00e0 titre de rappel. Au Terme des statuts de l\u2019AGEPI, l\u2019organe de d\u00e9cision est l\u2019Assembl\u00e9e G\u00e9n\u00e9rale.<\/p>\n<p>A titre\u00a0 d\u2019information comme vous avez mal appris vos cours de droit constitutionnel et durant les divers stages de remise \u00e0 niveau,\u00a0 le Conseil\u00a0 Sup\u00e9rieur de la magistrature, conform\u00e9ment \u00e0 la Loi Organique 054 du 17 mai 2013, portant statut des magistrats, a d\u00e9fini clairement dans ses articles 35 et suivants, les conditions de la saisine du Conseil de discipline du Conseil Sup\u00e9rieur de la Magistrature au terme de l\u2019article 112\u00a0 de la Constitution.<\/p>\n<p>A\u00a0 travers les interpr\u00e9tations\u00a0 erron\u00e9es, simplistes et pu\u00e9riles,\u00a0 nous sommes au regret de constater que\u00a0 malgr\u00e9 la valorisation des conditions de vie et de travail des magistrats \u00e0 travers\u00a0 la mise en place du statut particulier des magistrats et\u00a0\u00a0 les s\u00e9minaires financ\u00e9s par l\u2019Union Europ\u00e9enne \u00e0 travers le Programme d\u2019appui \u00e0 la r\u00e9forme de la justice (PARJU), ceux-ci n\u2019ont eu aucun impact positif dans le\u00a0 vocabulaire juridique contenu dans le lexique des termes juridiques.<\/p>\n<p>Vos commanditaires et vous,\u00a0 doivent\u00a0 donc d\u00e9poser\u00a0 votre\u00a0 d\u00e9mission \u00e0\u00a0 la\u00a0 grande famille des magistrats assis et d\u00e9bout, car vous souillez cette profession\u00a0 par votre niveau d\u2019instruction et d\u2019interpr\u00e9tations simplistes et\u00a0 grossiers des textes de la Constitution et des Lois Organiques qui repr\u00e9sentent\u00a0 un sacerdoce pour tout magistrat averti.<\/p>\n<p>Par ailleurs,\u00a0 nous rappelons que nous avons du mal \u00e0 cerner les deux interpr\u00e9tations contradictoires\u00a0 ci-apr\u00e8s, d\u2019un c\u00f4t\u00e9,\u00a0 vous parlez du statut de l\u2019Association des Magistrats de Guin\u00e9e dont monsieur Mohamed Aly Thiam est le Pr\u00e9sident,\u00a0 est\u00a0 une organisation non gouvernementale r\u00e9gie par la Loi Organique num\u00e9ro\u00a0 013 du 4 juillet 2005 portant statut juridique des associations et des organisations non gouvernementales\u00a0 et de l\u2019autre, vous soutenez que\u00a0 monsieur Mohamed Aly Thiam est le Pr\u00e9sident du Conseil d\u2019Administration de l\u2019Association des magistrats de Guin\u00e9e. Quel amalgame\u00a0!<\/p>\n<p>&nbsp;<\/p>\n<p>&nbsp;<\/p>\n<p>Nous trouvons en outre aberrant\u00a0 que dans le cadre du fonctionnement de l\u2019Association des magistrats de Guin\u00e9e (AMG), le Contr\u00f4l\u00e9 est aussi le Contr\u00f4leur. Quel paradoxe\u00a0!<\/p>\n<p>Et en cons\u00e9quence, pour une question de respect d\u2019\u00e9thique et de la d\u00e9ontologie, un seul individu ne peut en aucun cas s\u2019arroger les pr\u00e9rogatives de ces deux fonctions. C\u2019est vraiment de l\u2019extraordinaire de\u00a0 la part de certains magistrats assis et d\u00e9bout.<\/p>\n<p>A la lecture de vos contrev\u00e9rit\u00e9s, nous nous rendons \u00e9galement compte que les anciens membres de la Commission des Lois du Conseil\u00a0 National de la Transition (CNT) ont cr\u00e9\u00e9 d\u2019\u00e9normes probl\u00e8mes\u00a0 au citoyen lambda et aux juridictions judiciaires (aux magistrats) en ce qui concerne\u00a0 le traitement des diff\u00e9rends qui pourraient naitre entre citoyens en cas de litiges av\u00e9r\u00e9s.<\/p>\n<p>&nbsp;<\/p>\n<p>Vous faites honte \u00e0 la corporation des magistrats\u00a0! D\u00e9missionnez s\u2019il vous plait\u00a0!<\/p>\n<p>Moussa Iboun Cont\u00e9<\/p>\n<p>Pr\u00e9sident de l\u2019AGEPI<\/p>\n<p>&nbsp;<\/p>\n<p>&nbsp;<\/p>\n<p>&nbsp;<\/p>\n<p>&nbsp;<\/p>\n","protected":false},"excerpt":{"rendered":"<p>Nous rappelons d\u2019embl\u00e9e que\u00a0\u00a0 Moussa Iboun Cont\u00e9\u00a0\u00a0 n\u2019a\u00a0 nullement agi sous le mandat de l\u2019AGEPI, car ceci n\u2019apparait point dans sa\u00a0 tribune parue dans la presse contrairement \u00e0 celle de monsieur Mohamed Aly Thiam, car nous n\u2019en faisons pas d\u2019amalgame \u00e0\u00a0 l\u2019AGEPI. Nous voudrions ensuite rappeler que vous interpr\u00e9tez partiellement et dans la confusion, d\u00fb\u00a0 [&hellip;]<\/p>\n","protected":false},"author":2,"featured_media":1432,"comment_status":"closed","ping_status":"closed","sticky":false,"template":"","format":"image","meta":{"footnotes":""},"categories":[57],"tags":[],"class_list":{"0":"post-1431","1":"post","2":"type-post","3":"status-publish","4":"format-image","5":"has-post-thumbnail","7":"category-politique","8":"post_format-post-format-image"},"_links":{"self":[{"href":"https:\/\/conakrynews.org\/index.php\/wp-json\/wp\/v2\/posts\/1431","targetHints":{"allow":["GET"]}}],"collection":[{"href":"https:\/\/conakrynews.org\/index.php\/wp-json\/wp\/v2\/posts"}],"about":[{"href":"https:\/\/conakrynews.org\/index.php\/wp-json\/wp\/v2\/types\/post"}],"author":[{"embeddable":true,"href":"https:\/\/conakrynews.org\/index.php\/wp-json\/wp\/v2\/users\/2"}],"replies":[{"embeddable":true,"href":"https:\/\/conakrynews.org\/index.php\/wp-json\/wp\/v2\/comments?post=1431"}],"version-history":[{"count":0,"href":"https:\/\/conakrynews.org\/index.php\/wp-json\/wp\/v2\/posts\/1431\/revisions"}],"wp:featuredmedia":[{"embeddable":true,"href":"https:\/\/conakrynews.org\/index.php\/wp-json\/wp\/v2\/media\/1432"}],"wp:attachment":[{"href":"https:\/\/conakrynews.org\/index.php\/wp-json\/wp\/v2\/media?parent=1431"}],"wp:term":[{"taxonomy":"category","embeddable":true,"href":"https:\/\/conakrynews.org\/index.php\/wp-json\/wp\/v2\/categories?post=1431"},{"taxonomy":"post_tag","embeddable":true,"href":"https:\/\/conakrynews.org\/index.php\/wp-json\/wp\/v2\/tags?post=1431"}],"curies":[{"name":"wp","href":"https:\/\/api.w.org\/{rel}","templated":true}]}}