{"id":14330,"date":"2022-08-05T10:53:47","date_gmt":"2022-08-05T10:53:47","guid":{"rendered":"https:\/\/conakrynews.org\/?p=14330"},"modified":"2022-08-05T11:00:24","modified_gmt":"2022-08-05T11:00:24","slug":"cote-divoire-le-cns-se-penche-sur-le-cas-des-49-militaires-detenus-au-mali","status":"publish","type":"post","link":"https:\/\/conakrynews.org\/index.php\/cote-divoire-le-cns-se-penche-sur-le-cas-des-49-militaires-detenus-au-mali\/","title":{"rendered":"C\u00f4te d&rsquo;Ivoire: le CNS se penche sur le cas des 49 militaires d\u00e9tenus au Mali"},"content":{"rendered":"<p>Le pr\u00e9sident ivoirien Alassane Ouattara dit suivre l&rsquo;affaire des 49 militaires d\u00e9tenus au Mali \u00abpersonnellement\u00bb. (image d&rsquo;illustration)<br \/>\nLe pr\u00e9sident ivoirien Alassane Ouattara dit suivre l&rsquo;affaire des 49 militaires d\u00e9tenus au Mali \u00abpersonnellement\u00bb. (image d&rsquo;illustration)<br \/>\nEn C\u00f4te d\u2019Ivoire, s\u2019est tenu jeudi 4 ao\u00fbt un Conseil national de s\u00e9curit\u00e9. En t\u00eate des sujets abord\u00e9s, le cas des 49 militaires ivoiriens d\u00e9tenus \u00e0 Bamako depuis plus de trois semaines. Le CNS est pr\u00e9sid\u00e9 par Alassane Ouattara, qui s\u2019est donc exprim\u00e9 sur cette situation qu\u2019il dit suivre \u00ab personnellement \u00bb. <\/p>\n<p>Avec notre correspondant \u00e0 Abidjan, Pierre Pinto<\/p>\n<p>Dans son communiqu\u00e9 le Conseil national de s\u00e9curit\u00e9 confirme que des officiels ivoiriens en l\u2019occurrence le charg\u00e9 d\u2019affaires \u00e0 Bamako et l\u2019attach\u00e9 militaire de C\u00f4te d\u2019Ivoire ont pu rencontrer les 49 soldats d\u00e9tenus depuis le 10 juillet et qui \u00ab ont le moral au beau fixe \u00bb.<\/p>\n<p>\u00ab Le Conseil national de s\u00e9curit\u00e9 d\u00e9plore toutefois, poursuit le texte, que les autorit\u00e9s de transition du Mali continuent de d\u00e9tenir ces soldats de fa\u00e7on arbitraire, en d\u00e9pit de toutes les explications et preuves fournies par les autorit\u00e9s ivoiriennes pour attester le caract\u00e8re l\u00e9gal et r\u00e9gulier de leur mission \u00bb.<\/p>\n<p>Alassane Ouattara remercie son homologue togolais Faure Gnassingb\u00e9 pour sa m\u00e9diation et ses initiatives en vue d\u2019une \u00ab r\u00e9solution diplomatique de ce malentendu entre la C\u00f4te d&rsquo;Ivoire et le Mali \u00bb.<\/p>\n<p>Pour l\u2019instant les discussions semblent bloqu\u00e9es. Bamako chercherait \u00e0 obtenir l\u2019extradition d\u2019anciens hauts responsables maliens qui se trouveraient sur le sol ivoirien. Ce qu\u2019Abidjan refuse. <\/p>\n<p>Lors de ce CNS, le pr\u00e9sident ivoirien a aussi remerci\u00e9 le pr\u00e9sident en exercice de la C\u00e9d\u00e9ao, le Bissau-Guin\u00e9en Umaro Sissoco Embalo, ainsi que Macky Sall qui pr\u00e9side l\u2019Union afriaine et la vice-secr\u00e9taire g\u00e9n\u00e9ral de l\u2019ONU Amina Mohamed pour leur solidarit\u00e9 et leur implication.<\/p>\n<p>Mercredi, le ministre de la D\u00e9fense T\u00e9n\u00e9 Birahima Ouattara a rencontr\u00e9 les familles des 49 militaires comme pour montrer que le pays fait bloc derri\u00e8re eux.<\/p>\n<p>RFI<\/p>\n","protected":false},"excerpt":{"rendered":"<p>Le pr\u00e9sident ivoirien Alassane Ouattara dit suivre l&rsquo;affaire des 49 militaires d\u00e9tenus au Mali \u00abpersonnellement\u00bb. (image d&rsquo;illustration) Le pr\u00e9sident ivoirien Alassane Ouattara dit suivre l&rsquo;affaire des 49 militaires d\u00e9tenus au Mali \u00abpersonnellement\u00bb. (image d&rsquo;illustration) En C\u00f4te d\u2019Ivoire, s\u2019est tenu jeudi 4 ao\u00fbt un Conseil national de s\u00e9curit\u00e9. En t\u00eate des sujets abord\u00e9s, le cas des [&hellip;]<\/p>\n","protected":false},"author":2,"featured_media":14332,"comment_status":"closed","ping_status":"closed","sticky":false,"template":"","format":"standard","meta":{"footnotes":""},"categories":[58],"tags":[],"class_list":{"0":"post-14330","1":"post","2":"type-post","3":"status-publish","4":"format-standard","5":"has-post-thumbnail","7":"category-societe"},"_links":{"self":[{"href":"https:\/\/conakrynews.org\/index.php\/wp-json\/wp\/v2\/posts\/14330","targetHints":{"allow":["GET"]}}],"collection":[{"href":"https:\/\/conakrynews.org\/index.php\/wp-json\/wp\/v2\/posts"}],"about":[{"href":"https:\/\/conakrynews.org\/index.php\/wp-json\/wp\/v2\/types\/post"}],"author":[{"embeddable":true,"href":"https:\/\/conakrynews.org\/index.php\/wp-json\/wp\/v2\/users\/2"}],"replies":[{"embeddable":true,"href":"https:\/\/conakrynews.org\/index.php\/wp-json\/wp\/v2\/comments?post=14330"}],"version-history":[{"count":0,"href":"https:\/\/conakrynews.org\/index.php\/wp-json\/wp\/v2\/posts\/14330\/revisions"}],"wp:featuredmedia":[{"embeddable":true,"href":"https:\/\/conakrynews.org\/index.php\/wp-json\/wp\/v2\/media\/14332"}],"wp:attachment":[{"href":"https:\/\/conakrynews.org\/index.php\/wp-json\/wp\/v2\/media?parent=14330"}],"wp:term":[{"taxonomy":"category","embeddable":true,"href":"https:\/\/conakrynews.org\/index.php\/wp-json\/wp\/v2\/categories?post=14330"},{"taxonomy":"post_tag","embeddable":true,"href":"https:\/\/conakrynews.org\/index.php\/wp-json\/wp\/v2\/tags?post=14330"}],"curies":[{"name":"wp","href":"https:\/\/api.w.org\/{rel}","templated":true}]}}