{"id":14362,"date":"2022-08-06T17:27:29","date_gmt":"2022-08-06T17:27:29","guid":{"rendered":"https:\/\/conakrynews.org\/?p=14362"},"modified":"2022-08-06T17:30:05","modified_gmt":"2022-08-06T17:30:05","slug":"compte-rendu-de-la-session-speciale-du-conseil-des-ministres-du-4-aout-2022","status":"publish","type":"post","link":"https:\/\/conakrynews.org\/index.php\/compte-rendu-de-la-session-speciale-du-conseil-des-ministres-du-4-aout-2022\/","title":{"rendered":"Compte rendu de la session sp\u00e9ciale du conseil des Ministres du 4 ao\u00fbt 2022"},"content":{"rendered":"<p>La Session sp\u00e9ciale du Conseil des ministres s\u2019est tenue ce jeudi 04 ao\u00fbt 2022 de 10H \u00e0 12H, sous la haute autorit\u00e9 de \ud835\udc2c\ud835\udc28\ud835\udc27 \ud835\udc04\ud835\udc31\ud835\udc1c\ud835\udc1e\ud835\udc25\ud835\udc25\ud835\udc1e\ud835\udc27\ud835\udc1c\ud835\udc1e \ud835\udc26\ud835\udc28\ud835\udc27\ud835\udc2c\ud835\udc22\ud835\udc1e\ud835\udc2e\ud835\udc2b \ud835\udc25\ud835\udc1e \ud835\udc0f\ud835\udc2b\ud835\udc1e\u0301\ud835\udc2c\ud835\udc22\ud835\udc1d\ud835\udc1e\ud835\udc27\ud835\udc2d \ud835\udc1d\ud835\udc2e \ud835\udc02\ud835\udc0d\ud835\udc11\ud835\udc03, \ud835\udc0f\ud835\udc2b\ud835\udc1e\u0301\ud835\udc2c\ud835\udc22\ud835\udc1d\ud835\udc1e\ud835\udc27\ud835\udc2d \ud835\udc1d\ud835\udc1e \ud835\udc25\ud835\udc1a \ud835\udc13\ud835\udc2b\ud835\udc1a\ud835\udc27\ud835\udc2c\ud835\udc22\ud835\udc2d\ud835\udc22\ud835\udc28\ud835\udc27, \ud835\udc02\ud835\udc21\ud835\udc1e\ud835\udc1f \ud835\udc1d\ud835\udc1e \ud835\udc25\u2019\ud835\udc04\ud835\udc2d\ud835\udc1a\ud835\udc2d, \ud835\udc02\ud835\udc21\ud835\udc1e\ud835\udc1f \ud835\udc2c\ud835\udc2e\ud835\udc29\ud835\udc2b\ud835\udc1e\u0302\ud835\udc26\ud835\udc1e \ud835\udc1d\ud835\udc1e\ud835\udc2c \ud835\udc00\ud835\udc2b\ud835\udc26\ud835\udc1e\u0301\ud835\udc1e\ud835\udc2c, \ud835\udc25\ud835\udc1e \ud835\udc02\ud835\udc28\ud835\udc25\ud835\udc28\ud835\udc27\ud835\udc1e\ud835\udc25 \ud835\udc0c\ud835\udc1a\ud835\udc26\ud835\udc1a\ud835\udc1d\ud835\udc22 \ud835\udc03\ud835\udc0e\ud835\udc14\ud835\udc0c\ud835\udc01\ud835\udc0e\ud835\udc14\ud835\udc18\ud835\udc00.<\/p>\n<p>Les points suivants \u00e9taient inscrits \u00e0 l\u2019ordre du jour :<\/p>\n<p>\ud835\udc08. \ud835\udc00\ud835\udc0b\ud835\udc0b\ud835\udc0e\ud835\udc02\ud835\udc14\ud835\udc13\ud835\udc08\ud835\udc0e\ud835\udc0d \ud835\udc03\ud835\udc04 \ud835\udc01\ud835\udc08\ud835\udc04\ud835\udc0d\ud835\udc15\ud835\udc04\ud835\udc0d\ud835\udc14\ud835\udc04 \ud835\udc04\ud835\udc13 \ud835\udc0c\ud835\udc04\ud835\udc12\ud835\udc12\ud835\udc00\ud835\udc06\ud835\udc04 \ud835\udc03\ud835\udc04 \ud835\udc12\ud835\udc0e\ud835\udc0d \ud835\udc04\ud835\udc17\ud835\udc02\ud835\udc04\ud835\udc0b\ud835\udc0b\ud835\udc04\ud835\udc0d\ud835\udc02\ud835\udc04 \ud835\udc0c\ud835\udc0e\ud835\udc0d\ud835\udc12\ud835\udc08\ud835\udc04\ud835\udc14\ud835\udc11 \ud835\udc0b\ud835\udc04 \ud835\udc0f\ud835\udc11\ud835\udc04\u0301\ud835\udc12\ud835\udc08\ud835\udc03\ud835\udc04\ud835\udc0d\ud835\udc13 \ud835\udc03\ud835\udc14 \ud835\udc02\ud835\udc0d\ud835\udc11\ud835\udc03, \ud835\udc0f\ud835\udc11\ud835\udc04\u0301\ud835\udc12\ud835\udc08\ud835\udc03\ud835\udc04\ud835\udc0d\ud835\udc13 \ud835\udc03\ud835\udc04 \ud835\udc0b\ud835\udc00 \ud835\udc13\ud835\udc11\ud835\udc00\ud835\udc0d\ud835\udc12\ud835\udc08\ud835\udc13\ud835\udc08\ud835\udc0e\ud835\udc0d, \ud835\udc02\ud835\udc07\ud835\udc04\ud835\udc05 \ud835\udc03\ud835\udc04 \ud835\udc0b\u2019\ud835\udc04\u0301\ud835\udc13\ud835\udc00\ud835\udc13, \ud835\udc02\ud835\udc07\ud835\udc04\ud835\udc05 \ud835\udc12\ud835\udc14\ud835\udc0f\ud835\udc11\ud835\udc04\u0302\ud835\udc0c\ud835\udc04 \ud835\udc03\ud835\udc04\ud835\udc12 \ud835\udc00\ud835\udc11\ud835\udc0c\ud835\udc04\u0301\ud835\udc04\ud835\udc12, \ud835\udc00 \ud835\udc0b\ud835\udc00 \ud835\udc03\ud835\udc04\u0301\ud835\udc0b\ud835\udc04\u0301\ud835\udc06\ud835\udc00\ud835\udc13\ud835\udc08\ud835\udc0e\ud835\udc0d \ud835\udc0c\ud835\udc00\ud835\udc0b\ud835\udc08\ud835\udc04\ud835\udc0d\ud835\udc0d\ud835\udc04<\/p>\n<p>\ud835\udc08\ud835\udc08. \ud835\udc0c\ud835\udc04\ud835\udc12\ud835\udc12\ud835\udc00\ud835\udc06\ud835\udc04 \ud835\udc03\ud835\udc04 \ud835\udc0b\ud835\udc00 \ud835\udc03\ud835\udc04\u0301\ud835\udc0b\ud835\udc04\u0301\ud835\udc06\ud835\udc00\ud835\udc13\ud835\udc08\ud835\udc0e\ud835\udc0d \ud835\udc0c\ud835\udc00\ud835\udc0b\ud835\udc08\ud835\udc04\ud835\udc0d\ud835\udc0d\ud835\udc04<\/p>\n<p>\ud835\udc08\ud835\udc08\ud835\udc08. \ud835\udc02\ud835\udc0e\ud835\udc0c\ud835\udc0f\ud835\udc13\ud835\udc04 \ud835\udc11\ud835\udc04\ud835\udc0d\ud835\udc03\ud835\udc14 \ud835\udc12\ud835\udc14\ud835\udc02\ud835\udc02\ud835\udc08\ud835\udc0d\ud835\udc02\ud835\udc13 \ud835\udc03\ud835\udc04 \ud835\udc0b\ud835\udc00 \ud835\udc12\ud835\udc04\ud835\udc12\ud835\udc12\ud835\udc08\ud835\udc0e\ud835\udc0d \ud835\udc0e\ud835\udc11\ud835\udc03\ud835\udc08\ud835\udc0d\ud835\udc00\ud835\udc08\ud835\udc11\ud835\udc04 \ud835\udc03\ud835\udc14 \ud835\udc02\ud835\udc0e\ud835\udc0d\ud835\udc12\ud835\udc04\ud835\udc08\ud835\udc0b \ud835\udc08\ud835\udc0d\ud835\udc13\ud835\udc04\ud835\udc11\ud835\udc0c\ud835\udc08\ud835\udc0d\ud835\udc08\ud835\udc12\ud835\udc13\ud835\udc04\u0301\ud835\udc11\ud835\udc08\ud835\udc04\ud835\udc0b \ud835\udc03\ud835\udc14 \ud835\udc0c\ud835\udc00\ud835\udc11\ud835\udc03\ud835\udc08 \ud835\udfce\ud835\udfd0 \ud835\udc00\ud835\udc0e\ud835\udc14\ud835\udc13 \ud835\udfd0\ud835\udfce\ud835\udfd0\ud835\udfd0\u200b<\/p>\n<p>\ud835\udc08\ud835\udc15. \ud835\udc03\ud835\udc04\u0301\ud835\udc02\ud835\udc08\ud835\udc12\ud835\udc08\ud835\udc0e\ud835\udc0d\ud835\udc12 \ud835\udc03\ud835\udc14 \ud835\udc02\ud835\udc0e\ud835\udc0d\ud835\udc12\ud835\udc04\ud835\udc08\ud835\udc0b \ud835\udc03\ud835\udc04\ud835\udc12 \ud835\udc0c\ud835\udc08\ud835\udc0d\ud835\udc08\ud835\udc12\ud835\udc13\ud835\udc11\ud835\udc04\ud835\udc12<\/p>\n<p>\ud835\udc15. \ud835\udc03\ud835\udc08\ud835\udc15\ud835\udc04\ud835\udc11\ud835\udc12<\/p>\n<p>\ud835\udc08. \ud835\udc00\ud835\udc0b\ud835\udc0b\ud835\udc0e\ud835\udc02\ud835\udc14\ud835\udc13\ud835\udc08\ud835\udc0e\ud835\udc0d \ud835\udc03\ud835\udc04 \ud835\udc01\ud835\udc08\ud835\udc04\ud835\udc0d\ud835\udc15\ud835\udc04\ud835\udc0d\ud835\udc14\ud835\udc04 \ud835\udc04\ud835\udc13 \ud835\udc0c\ud835\udc04\ud835\udc12\ud835\udc12\ud835\udc00\ud835\udc06\ud835\udc04 \ud835\udc03\ud835\udc04 \ud835\udc12\ud835\udc0e\ud835\udc0d \ud835\udc04\ud835\udc17\ud835\udc02\ud835\udc04\ud835\udc0b\ud835\udc0b\ud835\udc04\ud835\udc0d\ud835\udc02\ud835\udc04 \ud835\udc0c\ud835\udc0e\ud835\udc0d\ud835\udc12\ud835\udc08\ud835\udc04\ud835\udc14\ud835\udc11 \ud835\udc0b\ud835\udc04 \ud835\udc0f\ud835\udc11\ud835\udc04\u0301\ud835\udc12\ud835\udc08\ud835\udc03\ud835\udc04\ud835\udc0d\ud835\udc13 \ud835\udc03\ud835\udc14 \ud835\udc02\ud835\udc0d\ud835\udc11\ud835\udc03, \ud835\udc0f\ud835\udc11\ud835\udc04\u0301\ud835\udc12\ud835\udc08\ud835\udc03\ud835\udc04\ud835\udc0d\ud835\udc13 \ud835\udc03\ud835\udc04 \ud835\udc0b\ud835\udc00 \ud835\udc13\ud835\udc11\ud835\udc00\ud835\udc0d\ud835\udc12\ud835\udc08\ud835\udc13\ud835\udc08\ud835\udc0e\ud835\udc0d, \ud835\udc02\ud835\udc07\ud835\udc04\ud835\udc05 \ud835\udc03\ud835\udc04 \ud835\udc0b\u2019\ud835\udc04\u0301\ud835\udc13\ud835\udc00\ud835\udc13, \ud835\udc02\ud835\udc07\ud835\udc04\ud835\udc05 \ud835\udc12\ud835\udc14\ud835\udc0f\ud835\udc11\ud835\udc04\u0302\ud835\udc0c\ud835\udc04 \ud835\udc03\ud835\udc04\ud835\udc12 \ud835\udc00\ud835\udc11\ud835\udc0c\ud835\udc04\u0301\ud835\udc04\ud835\udc12, \ud835\udc00 \ud835\udc0b\ud835\udc00 \ud835\udc03\ud835\udc04\u0301\ud835\udc0b\ud835\udc04\u0301\ud835\udc06\ud835\udc00\ud835\udc13\ud835\udc08\ud835\udc0e\ud835\udc0d \ud835\udc0c\ud835\udc00\ud835\udc0b\ud835\udc08\ud835\udc04\ud835\udc0d\ud835\udc0d\ud835\udc04<\/p>\n<p>Il a souhait\u00e9 la bienvenue \u00e0 la forte d\u00e9l\u00e9gation malienne envoy\u00e9e par le Pr\u00e9sident Assimi GOITA pour remercier le Pr\u00e9sident de la Transition, le Gouvernement et le peuple fr\u00e8re de Guin\u00e9e.<\/p>\n<p>Le Chef de l\u2019Etat s\u2019est particuli\u00e8rement r\u00e9jouit de les avoir parmi NOUS en terre africaine de Guin\u00e9e.<\/p>\n<p>La d\u00e9l\u00e9gation minist\u00e9rielle malienne a \u00e9t\u00e9 solennellement introduite par le Premier ministre par Int\u00e9rim, Chef du Gouvernement.<\/p>\n<p>Elle \u00e9tait compos\u00e9e comme suit :\u200b<\/p>\n<p>-Son Excellence Monsieur Abdoulaye DIOP, ministre des Affaires Etrang\u00e8res et de la Coop\u00e9ration Internationale, Chef de d\u00e9l\u00e9gation ;<\/p>\n<p>-Le Colonel Abdoulaye MA\u00cfGA, Ministre de l\u2019Administration du Territoire et de la D\u00e9centralisation, Porte-parole du Gouvernement ;<\/p>\n<p>-Madame DEMBEL\u00c9 Madina SISSOKO, Ministre des Transports et des Infrastructures ;<\/p>\n<p>-Monsieur Mahamoud OULD MOHAMED, Ministre de l\u2019Industrie et du Commerce.<\/p>\n<p>Pour le Chef de l\u2019\u00c9tat guin\u00e9en, le Pr\u00e9sident Assimi GOITA, en acceptant sa sollicitation de faire participer ses ministres au Conseil des Ministres de la R\u00e9publique s\u0153ur de Guin\u00e9e, a donn\u00e9 un sens profond au panafricanisme pour lequel nos p\u00e8res fondateurs se sont battus.<\/p>\n<p>A cette exceptionnelle occasion, le Pr\u00e9sident de la Transition a, d\u2019une part, fait observer une minute de silence en la m\u00e9moire de toutes les personnes d\u00e9c\u00e9d\u00e9es suite aux malheureux \u00e9v\u00e8nements r\u00e9cemment intervenus dans notre pays, et d\u2019autre part a rendu un vibrant hommage \u00e0 son fr\u00e8re d\u2019armes le Colonel Assimi GOITA et \u00e0 chacun des membres de la d\u00e9l\u00e9gation minist\u00e9rielle. Il a salu\u00e9 le peuple malien pour son courage et son soutien constant pour la r\u00e9ussite de la transition.<\/p>\n<p>Le Chef de l\u2019\u00c9tat a rassur\u00e9 nos fr\u00e8res et s\u0153urs du Mali, que le Mali peut compter, \u00e0 tout moment, sur la fraternit\u00e9, la solidarit\u00e9 et le panafricanisme du peuple de Guin\u00e9e, qui se tient d\u00e9bout \u00e0 ses c\u00f4t\u00e9s.<\/p>\n<p>Aussi le Pr\u00e9sident de la Transition a-t-il r\u00e9affirm\u00e9 que les circonstances ont montr\u00e9 la n\u00e9cessit\u00e9 pour les deux pays de poursuivre et de renforcer davantage leur coop\u00e9ration, notamment dans les domaines \u00e9conomique et s\u00e9curitaire, domaines dans lesquels d\u2019importants progr\u00e8s ont \u00e9t\u00e9 r\u00e9cemment enregistr\u00e9s.<\/p>\n<p>Apr\u00e8s ce message introductif d\u2019une grande signification, la communication de son \ud835\udc04\ud835\udc31\ud835\udc1c\ud835\udc1e\ud835\udc25\ud835\udc25\ud835\udc1e\ud835\udc27\ud835\udc1c\ud835\udc1e \ud835\udc0c\ud835\udc28\ud835\udc27\ud835\udc2c\ud835\udc22\ud835\udc1e\ud835\udc2e\ud835\udc2b \ud835\udc25\ud835\udc1e \ud835\udc0f\ud835\udc2b\ud835\udc1e\u0301\ud835\udc2c\ud835\udc22\ud835\udc1d\ud835\udc1e\ud835\udc27\ud835\udc2d \ud835\udc1d\ud835\udc2e \ud835\udc02\ud835\udc0d\ud835\udc11\ud835\udc03 a port\u00e9 sur deux points \u00e0 savoir :<\/p>\n<p>\ud835\udfcf- \ud835\udc0b\ud835\udc1e \ud835\udc2b\ud835\udc1e\ud835\udc27\ud835\udc1f\ud835\udc28\ud835\udc2b\ud835\udc1c\ud835\udc1e\ud835\udc26\ud835\udc1e\ud835\udc27\ud835\udc2d \ud835\udc1d\ud835\udc1e \ud835\udc25\ud835\udc1a \ud835\udc1c\ud835\udc28\ud835\udc28\ud835\udc29\ud835\udc1e\u0301\ud835\udc2b\ud835\udc1a\ud835\udc2d\ud835\udc22\ud835\udc28\ud835\udc27 ;<\/p>\n<p>\ud835\udfd0- \ud835\udc0b\ud835\udc1a \ud835\udc1c\ud835\udc28\ud835\udc26\ud835\udc26\ud835\udc2e\ud835\udc27\ud835\udc22\ud835\udc1c\ud835\udc1a\ud835\udc2d\ud835\udc22\ud835\udc28\ud835\udc27 \ud835\udc20\ud835\udc28\ud835\udc2e\ud835\udc2f\ud835\udc1e\ud835\udc2b\ud835\udc27\ud835\udc1e\ud835\udc26\ud835\udc1e\ud835\udc27\ud835\udc2d\ud835\udc1a\ud835\udc25\ud835\udc1e \ud835\udc2c\ud835\udc2e\ud835\udc2b \ud835\udc25\ud835\udc1e \ud835\udc1c\ud835\udc28\ud835\udc27\ud835\udc2d\ud835\udc1e\ud835\udc27\ud835\udc2e \ud835\udc1d\ud835\udc1e \ud835\udc25\ud835\udc1a \ud835\udc2d\ud835\udc2b\ud835\udc1a\ud835\udc27\ud835\udc2c\ud835\udc22\ud835\udc2d\ud835\udc22\ud835\udc28\ud835\udc27 \ud835\udc20\ud835\udc2e\ud835\udc22\ud835\udc27\ud835\udc1e\u0301\ud835\udc1e\ud835\udc27\ud835\udc27\ud835\udc1e.<\/p>\n<p>\ud835\udc08. \ud835\udc00\ud835\udc2e \ud835\udc1c\ud835\udc28\ud835\udc26\ud835\udc29\ud835\udc2d\ud835\udc1e \ud835\udc1d\ud835\udc2e \ud835\udc2b\ud835\udc1e\ud835\udc27\ud835\udc1f\ud835\udc28\ud835\udc2b\ud835\udc1c\ud835\udc1e\ud835\udc26\ud835\udc1e\ud835\udc27\ud835\udc2d \ud835\udc1d\ud835\udc1e \ud835\udc25\ud835\udc1a \ud835\udc1c\ud835\udc28\ud835\udc28\ud835\udc29\ud835\udc1e\u0301\ud835\udc2b\ud835\udc1a\ud835\udc2d\ud835\udc22\ud835\udc28\ud835\udc27 :<\/p>\n<p>Le Chef de l\u2019Etat a rappel\u00e9 que la derni\u00e8re d\u00e9cennie a fortement \u00e9t\u00e9 marqu\u00e9e par des crises profondes et des changements multiformes dans l\u2019espace g\u00e9ographique auquel nous appartenons.<\/p>\n<p>En pr\u00e9cisant l\u2019absence de gouvernances vertueuses, l\u2019inexistence de politiques publiques, les influences \u00e9trang\u00e8res et les effets n\u00e9gatifs de la mondialisation qui font partie des facteurs qui n\u2019ont pas permis \u00e0 nos pays de se d\u00e9velopper \u00e0 la hauteur de leurs richesses.<\/p>\n<p>Pour le Pr\u00e9sident de la Transition, l\u2019essentiel des ressources de nos pays est utilis\u00e9 pour faire face aux crises s\u00e9curitaires ou \u00e0 leurs cons\u00e9quences entrainant nos arm\u00e9es \u00e0 faire face \u00e0 des guerres asym\u00e9triques qui sont malheureusement co\u00fbteuses en vie et en temps.<\/p>\n<p>Pour le Chef de l\u2019\u00c9tat, le plus souvent, l\u2019ennemi est difficilement identifiable. Ce qui est important aujourd\u2019hui, c\u2019est la convergence de vues entre le peuple Malien et Guin\u00e9en pour affronter et relever ensemble nos d\u00e9fis communs. Comme on le dit souvent \u00ab seul, on est rapide mais ensemble on va plus loin \u00bb.<\/p>\n<p>Le Pr\u00e9sident de la Transition a demand\u00e9 \u00e0 chacun de s\u2019impliquer davantage dans la r\u00e9solution des probl\u00e8mes s\u00e9curitaires de nos deux pays y compris les probl\u00e8mes communautaires le long de nos fronti\u00e8res artificielles.<\/p>\n<p>Le Pr\u00e9sident de la Transition a mentionn\u00e9 avec force que la Guin\u00e9e est aussi pr\u00eate militairement \u00e0 aider le Mali dans la d\u00e9fense et la sauvegarde de son int\u00e9grit\u00e9 territoriale.<\/p>\n<p>Le Chef de l\u2019Etat a rappel\u00e9 un autre \u00e9l\u00e9ment non moins important, celui du d\u00e9veloppement \u00e9conomique entre nos deux Etats ; car s\u2019il y a une chose dont le pr\u00e9sident se dit \u00eatre certain, c\u2019est bien que nos deux pays n\u2019ont jamais \u00e9t\u00e9 aussi pr\u00eats de parvenir \u00e0 une int\u00e9gration \u00e9conomique comme c\u2019est le cas maintenant.<\/p>\n<p>Pour le Chef de l\u2019Etat, hier, on ne parlait que du port seulement, ensuite on a parl\u00e9 de route, de carburant. Aujourd\u2019hui, on se projette sur le chemin de fer.<\/p>\n<p>Le Pr\u00e9sident a insist\u00e9 que son fr\u00e8re Assimi GOITA et lui ont la volont\u00e9 et que c\u2019est \u00e0 leurs ministres respectifs de mat\u00e9rialiser cette vision tout en saisissant l\u2019occasion d\u2019informer le conseil, que pour poursuivre les travaux d\u00e9j\u00e0 initi\u00e9s, une mission se rendra \u00e0 Bamako dans les meilleurs d\u00e9lais. Afin de nous apporter des solutions concr\u00e8tes et r\u00e9alisables.<\/p>\n<p>Pour le Chef de l\u2019Etat, si le lancement des travaux des rails entre la Guin\u00e9e et le Mali devrait \u00eatre le seul bilan de nos deux transitions, on pourra un jour dire et m\u00eame l\u2019histoire retiendra que \u00e7a en valait la peine.<\/p>\n<p>\ud835\udc08\ud835\udc08. \ud835\udc00\ud835\udc2e \ud835\udc2d\ud835\udc22\ud835\udc2d\ud835\udc2b\ud835\udc1e \ud835\udc1d\ud835\udc1e \ud835\udc25\ud835\udc1a \ud835\udc02\ud835\udc28\ud835\udc26\ud835\udc26\ud835\udc2e\ud835\udc27\ud835\udc22\ud835\udc1c\ud835\udc1a\ud835\udc2d\ud835\udc22\ud835\udc28\ud835\udc27 \ud835\udc20\ud835\udc28\ud835\udc2e\ud835\udc2f\ud835\udc1e\ud835\udc2b\ud835\udc27\ud835\udc1e\ud835\udc26\ud835\udc1e\ud835\udc27\ud835\udc2d\ud835\udc1a\ud835\udc25\ud835\udc1e \ud835\udc2c\ud835\udc2e\ud835\udc2b \ud835\udc25\ud835\udc1e \ud835\udc1c\ud835\udc28\ud835\udc27\ud835\udc2d\ud835\udc1e\ud835\udc27\ud835\udc2e \ud835\udc1d\ud835\udc1e \ud835\udc25\ud835\udc1a \ud835\udc2d\ud835\udc2b\ud835\udc1a\ud835\udc27\ud835\udc2c\ud835\udc22\ud835\udc2d\ud835\udc22\ud835\udc28\ud835\udc27 \ud835\udc20\ud835\udc2e\ud835\udc22\ud835\udc27\ud835\udc1e\u0301\ud835\udc1e\ud835\udc27\ud835\udc27\ud835\udc1e :<\/p>\n<p>Le Chef de l\u2019\u00c9tat a rappel\u00e9 qu\u2019au lendemain de la prise du pouvoir, le CNRD a clairement affich\u00e9 sa volont\u00e9 d\u2019aller dans l\u2019inclusivit\u00e9 tout en faisant une rupture avec les habitudes du pass\u00e9.<\/p>\n<p>Pour le Pr\u00e9sident de la Transition, l\u2019exercice des responsabilit\u00e9s permet de savoir que les reformes sont difficiles \u00e0 \u00eatre mat\u00e9rialis\u00e9es et sont encore d\u2019autant plus difficiles quand elles touchent les objectifs ou les int\u00e9r\u00eats des politiques.<\/p>\n<p>Que les r\u00e9sistances vont se cr\u00e9er et l\u2019opinion manipul\u00e9e.<\/p>\n<p>Le Chef de l\u2019\u00c9tat a invit\u00e9 \u00e0 la r\u00e9sistance en estimant que si \u00e7a ne se passe pas maintenant, il serait quasiment impossible de faire ces r\u00e9formes structurelles et fondamentales pour le d\u00e9veloppement de notre pays.<\/p>\n<p>Pour le Pr\u00e9sident du CNRD, il n\u2019est point question d\u2019accepter qu\u2019un quelconque rythme nous soit impos\u00e9. C\u2019est pourquoi, il a fermement invit\u00e9 le gouvernement de continuer \u00e0 expliquer les 10 actions cl\u00e9s pour un retour \u00e0 l\u2019ordre constitutionnel. Cela est tellement important que nous devons y mettre un accent particulier et surtout que son contenu soit connu et approuv\u00e9 par les forces vives de la nation.<\/p>\n<p>Le Pr\u00e9sident de la Transition a f\u00e9licit\u00e9 les membres du Gouvernement pour les nombreux efforts qu\u2019ils ne cessent de fournir pour expliquer les d\u00e9fis de la transition, notamment \u00e9conomique, s\u00e9curitaire et politique.<\/p>\n<p>Pour conclure, le Pr\u00e9sident de la Transition a encourag\u00e9 \u00e0 poursuivre l\u2019effort de p\u00e9dagogie afin que chaque Guin\u00e9en comprenne les enjeux de la transition et le contenu du chronogramme de la transition.<\/p>\n<p>\ud835\udc08\ud835\udc08 \ud835\udc0c\ud835\udc04\ud835\udc12\ud835\udc12\ud835\udc00\ud835\udc06\ud835\udc04 \ud835\udc03\ud835\udc04 \ud835\udc0b\ud835\udc00 \ud835\udc03\ud835\udc04\ud835\udc0b\ud835\udc04\ud835\udc06\ud835\udc00\ud835\udc13\ud835\udc08\ud835\udc0e\ud835\udc0d \ud835\udc0c\ud835\udc00\ud835\udc0b\ud835\udc08\ud835\udc04\ud835\udc0d\ud835\udc0d\ud835\udc04<\/p>\n<p>Son Excellence le ministre des Affaires \u00c9trang\u00e8res et de la Coop\u00e9ration Internationale, monsieur Abdoulaye DIOP, en sa qualit\u00e9 de chef de d\u00e9l\u00e9gation a, au nom de son Pr\u00e9sident et de ses pairs, remerci\u00e9 le Chef de l\u2019\u00c9tat, Pr\u00e9sident de la Transition, le Gouvernement Guin\u00e9en et l\u2019ensemble du peuple de Guin\u00e9e de leur soutien ind\u00e9fectible \u00e0 la transition malienne.<\/p>\n<p>En substance, il a rappel\u00e9 que la Guin\u00e9e est le seul pays qui s\u2019est oppos\u00e9 \u00e0 infliger des sanctions \u00e9conomiques et autres contre le Mali. Que le pays fr\u00e8re a fait preuve de solidarit\u00e9 de fraternit\u00e9 et de panafricanisme.<\/p>\n<p>Le ministre malien de la Coop\u00e9ration Internationale a mentionn\u00e9 qu\u2019une telle position venant de la Guin\u00e9e n\u2019est gu\u00e8re une surprise car pour lui la Guin\u00e9e s\u2019est toujours mise du c\u00f4t\u00e9 du Mali en p\u00e9riode de paix ou en p\u00e9riode de tension et qu\u2019\u00e0 cet \u00e9gard le Mali lui reste reconnaissant.<\/p>\n<p>\ud835\udc08\ud835\udc08\ud835\udc08 \ud835\udc02\ud835\udc0e\ud835\udc0c\ud835\udc0f\ud835\udc13\ud835\udc04 \ud835\udc11\ud835\udc04\ud835\udc0d\ud835\udc03\ud835\udc14 \ud835\udc12\ud835\udc14\ud835\udc02\ud835\udc02\ud835\udc08\ud835\udc0d\ud835\udc02\ud835\udc13 \ud835\udc03\ud835\udc04 \ud835\udc0b\ud835\udc00 \ud835\udc12\ud835\udc04\ud835\udc12\ud835\udc12\ud835\udc08\ud835\udc0e\ud835\udc0d \ud835\udc0e\ud835\udc11\ud835\udc03\ud835\udc08\ud835\udc0d\ud835\udc00\ud835\udc08\ud835\udc11\ud835\udc04 \ud835\udc03\ud835\udc14 \ud835\udc02\ud835\udc0e\ud835\udc0d\ud835\udc12\ud835\udc04\ud835\udc08\ud835\udc0b \ud835\udc08\ud835\udc0d\ud835\udc13\ud835\udc04\ud835\udc11\ud835\udc0c\ud835\udc08\ud835\udc0d\ud835\udc08\ud835\udc12\ud835\udc13\ud835\udc04\u0301\ud835\udc11\ud835\udc08\ud835\udc04\ud835\udc0b \ud835\udc03\ud835\udc14 \ud835\udc0c\ud835\udc00\ud835\udc11\ud835\udc03\ud835\udc08 \ud835\udfce\ud835\udfd0 \ud835\udc00\ud835\udc0e\ud835\udc14\ud835\udc13 \ud835\udfd0\ud835\udfce\ud835\udfd0\ud835\udfd0<\/p>\n<p>Le Premier Ministre, Chef du Gouvernement par Int\u00e9rim a introduit son message en invitant le conseil interminist\u00e9riel a observ\u00e9 une minute de silence en la m\u00e9moire de nos compatriotes qui ont perdu la vie lors des manifestations du jeudi 28 et vendredi 29 juillet 2022.<\/p>\n<p>Pour le Chef du Gouvernement par Int\u00e9rim, le bilan tragique et consternant de ces manifestations doit \u00eatre expliqu\u00e9, aussi qu\u2019il est imp\u00e9ratif que la proc\u00e9dure d\u2019enqu\u00eate engag\u00e9e par les services judiciaires puisse \u00eatre men\u00e9e de mani\u00e8re diligente et approfondie pour situer toutes les responsabilit\u00e9s.<\/p>\n<p>Le Premier ministre par Int\u00e9rim a instruit \u00e0 cet effet les ministres de la Justice et de la S\u00e9curit\u00e9 d\u2019en assurer le suivi et d\u2019en faire un rapport quotidien. Sur ce volet, le Chef du Gouvernement par Int\u00e9rim a salu\u00e9 les services de maintien d\u2019ordre qui ont travaill\u00e9 avec professionnalisme. A cet effet, le Premier ministre par Int\u00e9rim les a encourag\u00e9s \u00e0 poursuivre le maintien d\u2019ordre public en respect avec la d\u00e9ontologie servant de fondement \u00e0 leur corps.<\/p>\n<p>Le Premier ministre par Int\u00e9rim a \u00e9galement f\u00e9licit\u00e9 le ministre des affaires \u00e9trang\u00e8res pour avoir rappel\u00e9 au G5 Guin\u00e9e le respect du canal de dialogue diplomatique avec notre pays pour \u00e9viter des communications unilat\u00e9rales de leur part qui aggraveraient la confusion sur des situations aux causes non encore \u00e9lucid\u00e9es.<\/p>\n<p>Le Chef du Gouvernement par Int\u00e9rim a affirm\u00e9 \u00eatre impressionn\u00e9 pendant les deux derni\u00e8res semaines \u00e0 ce poste de coordination et d\u2019impulsion de l\u2019action gouvernementale, par la mobilisation et la capacit\u00e9 du Gouvernement pour r\u00e9soudre les probl\u00e8mes complexes.<\/p>\n<p>Le Premier ministre par int\u00e9rim a f\u00e9licit\u00e9 le travail remarquable des ministres des Infrastructures et Transports, du Budget, de l\u2019\u00c9conomie, des Finances du Plan, celui de l\u2019Administration du territoire et de la D\u00e9centralisation pour leurs efforts conjoints afin d\u2019acc\u00e9l\u00e9rer le traitement de certains dossiers notamment ceux des voiries de Conakry, des routes nationales Mamou-Dalaba-Pita, Mamou-Faranah, Kankan Kissidougou et le chantier de la cit\u00e9 Administrative.<\/p>\n<p>A compter de ce jeudi, le Chef du Gouvernement par int\u00e9rim a instruit \u00e0 ce que la m\u00eame mission soit mobilis\u00e9e autour du ministre en charge de l\u2019\u00c9nergie pour booster la r\u00e9alisation des projets en cours, de facto qui constituent une des priorit\u00e9s du Pr\u00e9sident de la Transition.<\/p>\n<p>Le Projet de la c\u00f4ti\u00e8re, la pose des compteurs, le paiement des factures des \u00e9tablissements publics et le projet Clean Power ( le projet d\u2019\u00e9lectrification solaire de KANKAN) sont des sujets strat\u00e9giques de haute importance qui doivent \u00eatre mat\u00e9rialis\u00e9s avec toute la c\u00e9l\u00e9rit\u00e9 qui y sied, a estim\u00e9 le Premier ministre par int\u00e9rim.<\/p>\n<p>Le Chef du Gouvernement par Int\u00e9rim n\u2019a pas oubli\u00e9 d\u2019adresser ses remerciements au ministre du Budget pour le lancement de la tourn\u00e9e avec ses cadres dans tous les D\u00e9partements minist\u00e9riels, en \u00e9troite ex\u00e9cution d\u2019une recommandation du Conseil des ministres en vue d\u2019assister les minist\u00e8res \u00e0 acc\u00e9l\u00e9rer le d\u00e9blocage de leur budget d\u2019investissement.<\/p>\n<p>Le Premier ministre par int\u00e9rim a aussi salu\u00e9 l\u2019effort collectif du Gouvernement pour porter le niveau moyen d\u2019ex\u00e9cution des d\u00e9cisions du conseil de 43% le 18 juillet 2022 \u00e0 65% au 31 Juillet 2022. Pour le Chef du Gouvernement par Int\u00e9rim, ce travail doit se poursuivre davantage. A cet effet, il a demand\u00e9 aux ministres de bien vouloir demander \u00e0 leurs services techniques de se mettre en rapport avec ses conseillers de la Primature en vue d\u2019effectuer des missions techniques d\u2019appr\u00e9ciations conjointes de validation. Les rapports issus de ces missions devront \u00eatre vers\u00e9s au titre des dossiers des recommandations du conseil, a martel\u00e9 le Premier ministre par int\u00e9rim.<\/p>\n<p>Le Chef du Gouvernement par Int\u00e9rim a invit\u00e9 le Conseil \u00e0 poursuivre sans rel\u00e2che les efforts jusqu\u2019\u00e0 l\u2019atteinte et \u00e0 l\u2019ex\u00e9cution totale de tous les engagements envers la population guin\u00e9enne.<\/p>\n<p>Le Premier ministre par int\u00e9rim a souhait\u00e9, que partout o\u00f9 il y a urgence, comme c\u2019est le cas dans plusieurs secteurs, que le Gouvernement soit en mesure de faire preuve d\u2019intelligence collective pour r\u00e9ussir ensemble.<\/p>\n<p>Car le Chef du Gouvernement par int\u00e9rim a estim\u00e9 que plus les ministres avancent en \u00e9quipe, plus le Gouvernement multiplie ses chances de succ\u00e8s et naturellement la satisfaction devient collective pour trouver les meilleures strat\u00e9gies possibles au b\u00e9n\u00e9fice des populations.<\/p>\n<p>Pour illustrer l\u2019esprit collaboratif du Gouvernement, le Premier ministre par int\u00e9rim a cit\u00e9 la devise des mousquetaires : \u00ab Un pour tous, tous pour un \u00bb et la citation de l\u2019auteur am\u00e9ricain Ken Blanchard : \u00ab Aucun de nous n\u2019est autant intelligent que nous tous \u00bb.<\/p>\n<p>Dans la volont\u00e9 de symboliser l\u2019esprit d\u2019\u00e9quipe, le Chef du Gouvernement par int\u00e9rim a invit\u00e9 madame la Ministre des Postes, des T\u00e9l\u00e9communications et de l\u2019Economie Num\u00e9rique et madame la ministre de l\u2019Information et de la Communication \u00e0 pr\u00e9parer, chacune, une communication sur certains probl\u00e8mes qui sont des pr\u00e9occupations majeures de nos compatriotes, notamment : le co\u00fbt des communications, l\u2019accessibilit\u00e9 et la fiabilit\u00e9 du r\u00e9seau Internet dans notre pays. Car ces \u00e9l\u00e9ments sont des questions strat\u00e9giques dont d\u00e9pendent bon nombre de secteurs \u00e9conomiques et sociaux.<\/p>\n<p>Pour le Premier ministre par Int\u00e9rim, Il serait int\u00e9ressant de faire le point sur La mise en synergie op\u00e9rationnelle des EPA du minist\u00e8re en vue d\u2019optimiser leur impact.<\/p>\n<p>En ce qui concerne madame la Ministre de l\u2019Information et de la Communication, le Chef du Gouvernement l\u2019a invit\u00e9 \u00e0 faire le point sur la couverture du territoire national de la radio et la t\u00e9l\u00e9vision RTG. Car la pr\u00e9occupation du Gouvernement est de pouvoir assurer le service public de l\u2019information sans \u00eatre oblig\u00e9 de payer un distributeur priv\u00e9. La TNT est-elle officiellement lanc\u00e9e dans notre pays depuis deux ans ? s\u2019est-il interrog\u00e9.<\/p>\n<p>S\u2019agissant du projet de num\u00e9risation lanc\u00e9 en d\u00e9but d\u2019ann\u00e9e, le Premier ministre par int\u00e9rim, s\u2019est interrog\u00e9 sur le niveau d\u2019avancement, sur sa mat\u00e9rialisation, sur comment le booster d\u2019ici la fin de l\u2019ann\u00e9e..<\/p>\n<p>Le Chef du Gouvernement par Int\u00e9rim a termin\u00e9 son message en remerciant les ministres qui l\u2019ont d\u00e9j\u00e0 fait parvenir, le bilan succinct des actions phares de leur d\u00e9partement. Il a instruit \u00e0 ce que l\u2019on lui fasse parvenir l\u2019ensemble des bilans avant le 10 ao\u00fbt.<\/p>\n<p>A l\u2019occasion de la c\u00e9l\u00e9bration de l\u2019an 1 du CNRD, le Premier ministre par int\u00e9rim a inform\u00e9 de la mise en place d\u2019un Comit\u00e9 de r\u00e9daction pour r\u00e9sumer les actions du Gouvernement.<\/p>\n<p>Au titre des communications :<\/p>\n<p>I. Les ministres de l\u2019\u00c9ducation, celui de l\u2019Enseignement Sup\u00e9rieur et de l\u2019Enseignement Technique ont fait une communication conjointe<\/p>\n<p>relative au Rapport de Synth\u00e8se des Recommandations des \u00c9tudes et R\u00e9flexions sur le Syst\u00e8me \u00c9ducatif<\/p>\n<p>En application des recommandations des d\u00e9cisions du Conseil des ministres du jeudi 21 juillet 2022, monsieur le ministre de l\u2019Enseignement Pr\u00e9-Universitaire et de l\u2019Alphab\u00e9tisation a aux noms de ses coll\u00e8gues ministres en charge du secteur de l\u2019\u00e9ducation, fait une communication portant synth\u00e8se des recommandations des \u00e9tudes et r\u00e9flexions sur le syst\u00e8me \u00e9ducatif guin\u00e9en des quinze derni\u00e8res ann\u00e9es, assortie d\u2019un plan d\u2019action d\u2019urgence.<\/p>\n<p>Selon le Ministre, ces recommandations \u00e9manent des \u00e9tudes et r\u00e9flexions :<\/p>\n<p>\u2013 Des \u00e9tats g\u00e9n\u00e9raux de l\u2019\u00e9ducation (EGE), octobre 2008 ;<\/p>\n<p>\u2013 Du salon de l\u2019\u00e9ducation, septembre 2011 ;<\/p>\n<p>\u2013 De l\u2019Etude sur la Politique de la Question Enseignante (EPQE), 2013 ;<\/p>\n<p>\u2013 Des travaux de la Commission Nationale de R\u00e9flexion sur l\u2019\u00c9ducation (CNRE), 2016 et ;<\/p>\n<p>\u2013 Du Rapport d\u2019\u00c9tat sur le Syst\u00e8me \u00c9ducatif National (RESEN), 2018.<\/p>\n<p>\ud835\udc08\ud835\udc15 \ud835\udc03\ud835\udc04\u0301\ud835\udc02\ud835\udc08\ud835\udc12\ud835\udc08\ud835\udc0e\ud835\udc0d\ud835\udc12<\/p>\n<p>Concernant la communication relative au Rapport Synth\u00e8se des Recommandations des \u00c9tudes et R\u00e9flexions sur le Syst\u00e8me \u00c9ducatif.<\/p>\n<p>Le Conseil a approuv\u00e9 son soutien au plan d\u2019urgence pour donner suite \u00e0 l\u2019engagement des trois ministres \u00e0 qualifier le syst\u00e8me avec un budget r\u00e9ajust\u00e9 pour :<\/p>\n<p>\u2013 La formation \u00e0 tous les niveaux du syst\u00e8me<\/p>\n<p>\u2013 Une meilleure gestion des flux, en capitalisant l\u2019existant<\/p>\n<p>\u2013 L\u2019instauration et \u00e0 l\u2019op\u00e9rationnalisation des passerelles entre les diff\u00e9rents cycles d\u2019enseignement<\/p>\n<p>Le conseil a ensuite recommand\u00e9 aux ministres de :<\/p>\n<p>\u2013 Compl\u00e9ter la communication par les r\u00e9sultats attendus<\/p>\n<p>\u2013 Associer \u00e0 la r\u00e9flexion le ministre du Travail et de la Fonction Publique<\/p>\n<p>\ud835\udc15. \ud835\udc03\ud835\udc08\ud835\udc15\ud835\udc04\ud835\udc11\ud835\udc12<\/p>\n<p>Le Conseil a f\u00e9licit\u00e9 le ministre des Affaires \u00c9trang\u00e8res pour la clarification apport\u00e9e \u00e0 la qualification des rapports de coop\u00e9ration entre notre pays et ses partenaires en vue de garantir une transition apais\u00e9e avec leur soutien qu\u2019ils ont r\u00e9affirm\u00e9.<\/p>\n<p>\ud835\udc0b\ud835\udc1e \ud835\udc26\ud835\udc22\ud835\udc27\ud835\udc22\ud835\udc2c\ud835\udc2d\ud835\udc2b\ud835\udc1e \ud835\udc1d\ud835\udc1e \ud835\udc25\u2019\ud835\udc07\ud835\udc1a\ud835\udc1b\ud835\udc22\ud835\udc2d\ud835\udc1a\ud835\udc2d \ud835\udc1e\ud835\udc2d \ud835\udc1d\ud835\udc1e \ud835\udc25\u2019\ud835\udc00\ud835\udc26\ud835\udc1e\u0301\ud835\udc27\ud835\udc1a\ud835\udc20\ud835\udc1e\ud835\udc26\ud835\udc1e\ud835\udc27\ud835\udc2d \ud835\udc1d\ud835\udc2e \ud835\udc13\ud835\udc1e\ud835\udc2b\ud835\udc2b\ud835\udc22\ud835\udc2d\ud835\udc28\ud835\udc22\ud835\udc2b\ud835\udc1e a inform\u00e9 le conseil du lancement de l\u2019application de gestion des titres fonciers dont la c\u00e9r\u00e9monie a eu lieu le mercredi 03 ao\u00fbt 2022.<\/p>\n<p>\ud835\udc0c\ud835\udc1a\ud835\udc1d\ud835\udc1a\ud835\udc26\ud835\udc1e \ud835\udc25\ud835\udc1a \ud835\udc26\ud835\udc22\ud835\udc27\ud835\udc22\ud835\udc2c\ud835\udc2d\ud835\udc2b\ud835\udc1e \ud835\udc1d\ud835\udc1e \ud835\udc25\u2019\ud835\udc04\ud835\udc27\ud835\udc2f\ud835\udc22\ud835\udc2b\ud835\udc28\ud835\udc27\ud835\udc27\ud835\udc1e\ud835\udc26\ud835\udc1e\ud835\udc27\ud835\udc2d \ud835\udc1e\ud835\udc2d \ud835\udc1d\ud835\udc2e \ud835\udc03\ud835\udc1e\u0301\ud835\udc2f\ud835\udc1e\ud835\udc25\ud835\udc28\ud835\udc29\ud835\udc29\ud835\udc1e\ud835\udc26\ud835\udc1e\ud835\udc27\ud835\udc2d \ud835\udc03\ud835\udc2e\ud835\udc2b\ud835\udc1a\ud835\udc1b\ud835\udc25\ud835\udc1e a inform\u00e9 le conseil que son d\u00e9partement a proc\u00e9d\u00e9 \u00e0 l\u2019assainissement du cimeti\u00e8re de Cameroun.<\/p>\n<p>\ud835\udc0b\ud835\udc1e \ud835\udc0c\ud835\udc22\ud835\udc27\ud835\udc22\ud835\udc2c\ud835\udc2d\ud835\udc2b\ud835\udc1e \ud835\udc1d\ud835\udc1e \ud835\udc25\u2019\ud835\udc04\ud835\udc27\ud835\udc2c\ud835\udc1e\ud835\udc22\ud835\udc20\ud835\udc27\ud835\udc1e\ud835\udc26\ud835\udc1e\ud835\udc27\ud835\udc2d \ud835\udc0f\ud835\udc2b\ud835\udc1e\u0301-\ud835\udc14\ud835\udc27\ud835\udc22\ud835\udc2f\ud835\udc1e\ud835\udc2b\ud835\udc2c\ud835\udc22\ud835\udc2d\ud835\udc1a\ud835\udc22\ud835\udc2b\ud835\udc1e \ud835\udc1e\ud835\udc2d \ud835\udc1d\ud835\udc1e \ud835\udc25\u2019\ud835\udc00\ud835\udc25\ud835\udc29\ud835\udc21\ud835\udc1a\ud835\udc1b\ud835\udc1e\u0301\ud835\udc2d\ud835\udc22\ud835\udc2c\ud835\udc1a\ud835\udc2d\ud835\udc22\ud835\udc28\ud835\udc27 a fait part de la mise en ligne de toutes les notes d\u2019examen de l\u2019entr\u00e9e en septi\u00e8me au BAC.<\/p>\n<p>\ud835\udc0b\ud835\udc1e \ud835\udc26\ud835\udc22\ud835\udc27\ud835\udc22\ud835\udc2c\ud835\udc2d\ud835\udc2b\ud835\udc1e \ud835\udc1d\ud835\udc1e \ud835\udc25\ud835\udc1a \ud835\udc09\ud835\udc1e\ud835\udc2e\ud835\udc27\ud835\udc1e\ud835\udc2c\ud835\udc2c\ud835\udc1e \ud835\udc1e\ud835\udc2d \ud835\udc1d\ud835\udc1e\ud835\udc2c \ud835\udc12\ud835\udc29\ud835\udc28\ud835\udc2b\ud835\udc2d\ud835\udc2c a inform\u00e9 de l\u2019arriv\u00e9e prochaine du Secr\u00e9taire G\u00e9n\u00e9ral de la Conf\u00e9d\u00e9ration Africaine de Football (CAF) dans le but de confirmer la paternit\u00e9 et l\u2019exclusivit\u00e9 de l\u2019organisation de la CAN.<\/p>\n<p>\ud835\udc0b\ud835\udc1e \ud835\udc26\ud835\udc22\ud835\udc27\ud835\udc22\ud835\udc2c\ud835\udc2d\ud835\udc2b\ud835\udc1e \ud835\udc1d\ud835\udc1e \ud835\udc25\ud835\udc1a \ud835\udc09\ud835\udc2e\ud835\udc2c\ud835\udc2d\ud835\udc22\ud835\udc1c\ud835\udc1e \ud835\udc1e\ud835\udc2d \ud835\udc1d\ud835\udc1e\ud835\udc2c \ud835\udc03\ud835\udc2b\ud835\udc28\ud835\udc22\ud835\udc2d\ud835\udc2c \ud835\udc1d\ud835\udc1e \ud835\udc25\u2019\ud835\udc07\ud835\udc28\ud835\udc26\ud835\udc26\ud835\udc1e a fait part des f\u00e9licitations adress\u00e9es par le bureau du procureur de la Cour P\u00e9nale Internationale \u00e0 son Excellence Monsieur le Pr\u00e9sident de la Transition pour sa volont\u00e9 affich\u00e9e et les bonnes dispositions prises en vue de l\u2019organisation du proc\u00e8s des massacres au stade du 28 septembre 2009.<\/p>\n<p>\ud835\udc0b\ud835\udc1e \ud835\udc26\ud835\udc22\ud835\udc27\ud835\udc22\ud835\udc2c\ud835\udc2d\ud835\udc2b\ud835\udc1e \ud835\udc1d\ud835\udc1e \ud835\udc25\ud835\udc1a \ud835\udc02\ud835\udc2e\ud835\udc25\ud835\udc2d\ud835\udc2e\ud835\udc2b\ud835\udc1e a remerci\u00e9 le Chef de l\u2019Etat, Pr\u00e9sident de la Transition, au nom du monde de la culture pour avoir offert une maison au Bureau Guin\u00e9en des Droits d\u2019Auteurs dont la remise officielle a eu lieu le mercredi 03 ao\u00fbt 2022.<\/p>\n<p>\ud835\udc0b\ud835\udc1e \ud835\udc26\ud835\udc22\ud835\udc27\ud835\udc22\ud835\udc2c\ud835\udc2d\ud835\udc2b\ud835\udc1e \ud835\udc1d\ud835\udc1e \ud835\udc25\ud835\udc1a \ud835\udc12\ud835\udc1a\ud835\udc27\ud835\udc2d\ud835\udc1e\u0301 \ud835\udc1e\ud835\udc2d \ud835\udc1d\ud835\udc1e \ud835\udc25\u2019\ud835\udc07\ud835\udc32\ud835\udc20\ud835\udc22\ud835\udc1e\u0300\ud835\udc27\ud835\udc1e \ud835\udc0f\ud835\udc2e\ud835\udc1b\ud835\udc25\ud835\udc22\ud835\udc2a\ud835\udc2e\ud835\udc1e a inform\u00e9 de l\u2019inauguration officielle du Centre Hospitalier Universitaire de Donka le 17 ao\u00fbt prochain.<\/p>\n<p>\ud835\udc0b\ud835\udc1e \ud835\udc26\ud835\udc22\ud835\udc27\ud835\udc22\ud835\udc2c\ud835\udc2d\ud835\udc2b\ud835\udc1e \ud835\udc26\ud835\udc1a\ud835\udc25\ud835\udc22\ud835\udc1e\ud835\udc27 \ud835\udc1d\ud835\udc1e \ud835\udc25\u2019\ud835\udc00\ud835\udc1d\ud835\udc26\ud835\udc22\ud835\udc27\ud835\udc22\ud835\udc2c\ud835\udc2d\ud835\udc2b\ud835\udc1a\ud835\udc2d\ud835\udc22\ud835\udc28\ud835\udc27 \ud835\udc1d\ud835\udc2e \ud835\udc13\ud835\udc1e\ud835\udc2b\ud835\udc2b\ud835\udc22\ud835\udc2d\ud835\udc28\ud835\udc22\ud835\udc2b\ud835\udc1e \ud835\udc1e\ud835\udc2d \ud835\udc1d\ud835\udc1e \ud835\udc25\ud835\udc1a \ud835\udc03\ud835\udc1e\u0301\ud835\udc1c\ud835\udc1e\ud835\udc27\ud835\udc2d\ud835\udc2b\ud835\udc1a\ud835\udc25\ud835\udc22\ud835\udc2c\ud835\udc1a\ud835\udc2d\ud835\udc22\ud835\udc28\ud835\udc27 a f\u00e9licit\u00e9 le Chef de l\u2019Etat Guin\u00e9en, le Premier ministre, les membres du Gouvernement et plus particuli\u00e8rement son homologue Guin\u00e9en pour avoir initi\u00e9 une journ\u00e9e civique d\u2019assainissement dont le d\u00e9marrage est pr\u00e9vu le 06 ao\u00fbt 2022.<\/p>\n<p>\ud835\udc0b\ud835\udc1e \ud835\udc26\ud835\udc22\ud835\udc27\ud835\udc22\ud835\udc2c\ud835\udc2d\ud835\udc2b\ud835\udc1e \ud835\udc26\ud835\udc1a\ud835\udc25\ud835\udc22\ud835\udc1e\ud835\udc27 \ud835\udc1d\ud835\udc1e \ud835\udc25\u2019\ud835\udc00\ud835\udc1d\ud835\udc26\ud835\udc22\ud835\udc27\ud835\udc22\ud835\udc2c\ud835\udc2d\ud835\udc2b\ud835\udc1a\ud835\udc2d\ud835\udc22\ud835\udc28\ud835\udc27 \ud835\udc1d\ud835\udc2e \ud835\udc13\ud835\udc1e\ud835\udc2b\ud835\udc2b\ud835\udc22\ud835\udc2d\ud835\udc28\ud835\udc22\ud835\udc2b\ud835\udc1e \ud835\udc1e\ud835\udc2d \ud835\udc1d\ud835\udc1e \ud835\udc25\ud835\udc1a \ud835\udc03\ud835\udc1e\u0301\ud835\udc1c\ud835\udc1e\ud835\udc27\ud835\udc2d\ud835\udc2b\ud835\udc1a\ud835\udc25\ud835\udc22\ud835\udc2c\ud835\udc1a\ud835\udc2d\ud835\udc22\ud835\udc28\ud835\udc27 a inform\u00e9 l\u2019ensemble des membres du conseil au nom des ministres en charge de l\u2019\u00e9ducation, de la tenue des journ\u00e9es de consultations nationales sur la transformation de l\u2019\u00e9ducation en pr\u00e9lude au sommet des Nations Unies devant se tenir au mois de septembre prochain.<\/p>\n<p>\ud835\udc02\ud835\udc28\ud835\udc27\ud835\udc1a\ud835\udc24\ud835\udc2b\ud835\udc32, \ud835\udc25\ud835\udc1e \ud835\udfce\ud835\udfd2 \ud835\udc1a\ud835\udc28\ud835\udc2e\ud835\udc2d \ud835\udfd0\ud835\udfce\ud835\udfd0\ud835\udfd0<\/p>\n<p>\ud835\udc0e\ud835\udc2e\ud835\udc2c\ud835\udc26\ud835\udc1a\ud835\udc27\ud835\udc1e \ud835\udc06\ud835\udc1a\ud835\udc28\ud835\udc2e\ud835\udc1a\ud835\udc25 \ud835\udc03\ud835\udc08\ud835\udc00\ud835\udc0b\ud835\udc0b\ud835\udc0e, \ud835\udc0c\ud835\udc22\ud835\udc27\ud835\udc22\ud835\udc2c\ud835\udc2d\ud835\udc2b\ud835\udc1e \ud835\udc1d\ud835\udc1e \ud835\udc25\u2019\ud835\udc14\ud835\udc2b\ud835\udc1b\ud835\udc1a\ud835\udc27\ud835\udc22\ud835\udc2c\ud835\udc26\ud835\udc1e, \ud835\udc1d\ud835\udc1e \ud835\udc25\u2019\ud835\udc07\ud835\udc1a\ud835\udc1b\ud835\udc22\ud835\udc2d\ud835\udc1a\ud835\udc2d \ud835\udc1e\ud835\udc2d \ud835\udc1d\ud835\udc1e \ud835\udc25\u2019\ud835\udc00\ud835\udc26\ud835\udc1e\u0301\ud835\udc27\ud835\udc1a\ud835\udc20\ud835\udc1e\ud835\udc26\ud835\udc1e\ud835\udc27\ud835\udc2d \ud835\udc1d\ud835\udc2e \ud835\udc13\ud835\udc1e\ud835\udc2b\ud835\udc2b\ud835\udc22\ud835\udc2d\ud835\udc28\ud835\udc22\ud835\udc2b\ud835\udc1e, \ud835\udc0f\ud835\udc28\ud835\udc2b\ud835\udc2d\ud835\udc1e-\ud835\udc0f\ud835\udc1a\ud835\udc2b\ud835\udc28\ud835\udc25\ud835\udc1e \ud835\udc1d\ud835\udc2e \ud835\udc06\ud835\udc28\ud835\udc2e\ud835\udc2f\ud835\udc1e\ud835\udc2b\ud835\udc27\ud835\udc1e\ud835\udc26\ud835\udc1e\ud835\udc27\ud835\udc2d.<\/p>\n<p>Transmis par la Cellule de Communication du Gouvernement.<\/p>\n","protected":false},"excerpt":{"rendered":"<p>La Session sp\u00e9ciale du Conseil des ministres s\u2019est tenue ce jeudi 04 ao\u00fbt 2022 de 10H \u00e0 12H, sous la haute autorit\u00e9 de \ud835\udc2c\ud835\udc28\ud835\udc27 \ud835\udc04\ud835\udc31\ud835\udc1c\ud835\udc1e\ud835\udc25\ud835\udc25\ud835\udc1e\ud835\udc27\ud835\udc1c\ud835\udc1e \ud835\udc26\ud835\udc28\ud835\udc27\ud835\udc2c\ud835\udc22\ud835\udc1e\ud835\udc2e\ud835\udc2b \ud835\udc25\ud835\udc1e \ud835\udc0f\ud835\udc2b\ud835\udc1e\u0301\ud835\udc2c\ud835\udc22\ud835\udc1d\ud835\udc1e\ud835\udc27\ud835\udc2d \ud835\udc1d\ud835\udc2e \ud835\udc02\ud835\udc0d\ud835\udc11\ud835\udc03, \ud835\udc0f\ud835\udc2b\ud835\udc1e\u0301\ud835\udc2c\ud835\udc22\ud835\udc1d\ud835\udc1e\ud835\udc27\ud835\udc2d \ud835\udc1d\ud835\udc1e \ud835\udc25\ud835\udc1a \ud835\udc13\ud835\udc2b\ud835\udc1a\ud835\udc27\ud835\udc2c\ud835\udc22\ud835\udc2d\ud835\udc22\ud835\udc28\ud835\udc27, \ud835\udc02\ud835\udc21\ud835\udc1e\ud835\udc1f \ud835\udc1d\ud835\udc1e \ud835\udc25\u2019\ud835\udc04\ud835\udc2d\ud835\udc1a\ud835\udc2d, \ud835\udc02\ud835\udc21\ud835\udc1e\ud835\udc1f \ud835\udc2c\ud835\udc2e\ud835\udc29\ud835\udc2b\ud835\udc1e\u0302\ud835\udc26\ud835\udc1e \ud835\udc1d\ud835\udc1e\ud835\udc2c \ud835\udc00\ud835\udc2b\ud835\udc26\ud835\udc1e\u0301\ud835\udc1e\ud835\udc2c, \ud835\udc25\ud835\udc1e \ud835\udc02\ud835\udc28\ud835\udc25\ud835\udc28\ud835\udc27\ud835\udc1e\ud835\udc25 \ud835\udc0c\ud835\udc1a\ud835\udc26\ud835\udc1a\ud835\udc1d\ud835\udc22 \ud835\udc03\ud835\udc0e\ud835\udc14\ud835\udc0c\ud835\udc01\ud835\udc0e\ud835\udc14\ud835\udc18\ud835\udc00. Les points suivants \u00e9taient inscrits \u00e0 l\u2019ordre du jour : [&hellip;]<\/p>\n","protected":false},"author":2,"featured_media":14364,"comment_status":"closed","ping_status":"closed","sticky":false,"template":"","format":"standard","meta":{"footnotes":""},"categories":[57],"tags":[],"class_list":{"0":"post-14362","1":"post","2":"type-post","3":"status-publish","4":"format-standard","5":"has-post-thumbnail","7":"category-politique"},"_links":{"self":[{"href":"https:\/\/conakrynews.org\/index.php\/wp-json\/wp\/v2\/posts\/14362","targetHints":{"allow":["GET"]}}],"collection":[{"href":"https:\/\/conakrynews.org\/index.php\/wp-json\/wp\/v2\/posts"}],"about":[{"href":"https:\/\/conakrynews.org\/index.php\/wp-json\/wp\/v2\/types\/post"}],"author":[{"embeddable":true,"href":"https:\/\/conakrynews.org\/index.php\/wp-json\/wp\/v2\/users\/2"}],"replies":[{"embeddable":true,"href":"https:\/\/conakrynews.org\/index.php\/wp-json\/wp\/v2\/comments?post=14362"}],"version-history":[{"count":0,"href":"https:\/\/conakrynews.org\/index.php\/wp-json\/wp\/v2\/posts\/14362\/revisions"}],"wp:featuredmedia":[{"embeddable":true,"href":"https:\/\/conakrynews.org\/index.php\/wp-json\/wp\/v2\/media\/14364"}],"wp:attachment":[{"href":"https:\/\/conakrynews.org\/index.php\/wp-json\/wp\/v2\/media?parent=14362"}],"wp:term":[{"taxonomy":"category","embeddable":true,"href":"https:\/\/conakrynews.org\/index.php\/wp-json\/wp\/v2\/categories?post=14362"},{"taxonomy":"post_tag","embeddable":true,"href":"https:\/\/conakrynews.org\/index.php\/wp-json\/wp\/v2\/tags?post=14362"}],"curies":[{"name":"wp","href":"https:\/\/api.w.org\/{rel}","templated":true}]}}