{"id":14365,"date":"2022-08-07T02:08:41","date_gmt":"2022-08-07T02:08:41","guid":{"rendered":"https:\/\/conakrynews.org\/?p=14365"},"modified":"2022-08-07T02:08:41","modified_gmt":"2022-08-07T02:08:41","slug":"guinee-le-fndc-met-fin-a-sa-treve-et-prevoit-la-reprise-de-ses-actions-de-facon-graduelle","status":"publish","type":"post","link":"https:\/\/conakrynews.org\/index.php\/guinee-le-fndc-met-fin-a-sa-treve-et-prevoit-la-reprise-de-ses-actions-de-facon-graduelle\/","title":{"rendered":"Guin\u00e9e: le FNDC met fin \u00e0 sa tr\u00eave et pr\u00e9voit la reprise de ses actions \u00abde fa\u00e7on graduelle\u00bb"},"content":{"rendered":"<p>Le FNDC a mis fin \u00e0 sa tr\u00eave. Le mouvement de la soci\u00e9t\u00e9 civile, qui avait organis\u00e9 une manifestation \u00e9maill\u00e9e de violences fin juillet contre la junte au pouvoir CNRD, avait marqu\u00e9 une pause de sept jours dans ses appels \u00e0 marcher sur demande du pr\u00e9sident en exercice de la C\u00e9d\u00e9ao. Cette tr\u00eave ayant pris fin vendredi soir 5 ao\u00fbt, le FNDC se dit pr\u00eat \u00e0 reprendre ses actions \u00ab de fa\u00e7on graduelle \u00bb d\u00e8s lundi prochain.<\/p>\n<p>Apr\u00e8s l&rsquo;arrestation la semaine derni\u00e8re de ses coll\u00e8gues Fonik\u00e9 Mengu\u00e9 et Ibrahima Diallo, et la fermeture des locaux du FNDC, c&rsquo;est le responsable strat\u00e9gie du mouvement, S\u00e9kou Koundouno, qui a pris le relais. Dans une conf\u00e9rence de presse par Zoom, le militant, actuellement en Belgique, a d\u00e9clar\u00e9 la suspension de la tr\u00eave, d\u00e9cid\u00e9e une semaine auparavant en accord avec le pr\u00e9sident en exercice de la C\u00e9d\u00e9ao Umaro Sissoco Embal\u00f3. Une demande qui faisait suite \u00e0 la manifestation du 28 juillet dernier et aux violences cons\u00e9cutives ayant fait au moins cinq morts.<\/p>\n<p>Dans son bras de fer contre la junte du colonel-pr\u00e9sident Mamadi Doumbouya, accus\u00e9 de vouloir s&rsquo;installer au pouvoir, le FNDC annonce une s\u00e9rie d&rsquo;actions graduelles d\u00e8s la semaine prochaine. <\/p>\n<p>\u00ab Nous avons \u00e9crit au pr\u00e9sident en exercice de la C\u00e9d\u00e9ao pour lui annoncer la fin de la tr\u00eave ce vendredi \u00e0 22h, explique le responsable communication, Abdoulaye Oumou Sow. Nous pensons que rien n\u2019a \u00e9t\u00e9 fait pour amener les acteurs socio-politiques autour de la table pour discuter du contenu et de la dur\u00e9e de la transition. Donc, \u00e0 partir de lundi, nous allons annoncer les diff\u00e9rentes actions que nous allons mener, mais \u00e9galement les dates et natures des manifestations que nous comptons mener d\u00e9sormais pour faire face \u00e0 cette nouvelle dictature qui s\u2019installe dans notre pays. \u00bb<\/p>\n<p>Le FNDC appelle d\u00e9j\u00e0 \u00e0 une mobilisation, \u00e0 Bruxelles, devant la Commission de l&rsquo;Union europ\u00e9enne le 14 ao\u00fbt prochain.<\/p>\n<p>RFI<\/p>\n","protected":false},"excerpt":{"rendered":"<p>Le FNDC a mis fin \u00e0 sa tr\u00eave. Le mouvement de la soci\u00e9t\u00e9 civile, qui avait organis\u00e9 une manifestation \u00e9maill\u00e9e de violences fin juillet contre la junte au pouvoir CNRD, avait marqu\u00e9 une pause de sept jours dans ses appels \u00e0 marcher sur demande du pr\u00e9sident en exercice de la C\u00e9d\u00e9ao. Cette tr\u00eave ayant pris [&hellip;]<\/p>\n","protected":false},"author":2,"featured_media":14366,"comment_status":"closed","ping_status":"closed","sticky":false,"template":"","format":"standard","meta":{"footnotes":""},"categories":[57],"tags":[],"class_list":{"0":"post-14365","1":"post","2":"type-post","3":"status-publish","4":"format-standard","5":"has-post-thumbnail","7":"category-politique"},"_links":{"self":[{"href":"https:\/\/conakrynews.org\/index.php\/wp-json\/wp\/v2\/posts\/14365","targetHints":{"allow":["GET"]}}],"collection":[{"href":"https:\/\/conakrynews.org\/index.php\/wp-json\/wp\/v2\/posts"}],"about":[{"href":"https:\/\/conakrynews.org\/index.php\/wp-json\/wp\/v2\/types\/post"}],"author":[{"embeddable":true,"href":"https:\/\/conakrynews.org\/index.php\/wp-json\/wp\/v2\/users\/2"}],"replies":[{"embeddable":true,"href":"https:\/\/conakrynews.org\/index.php\/wp-json\/wp\/v2\/comments?post=14365"}],"version-history":[{"count":0,"href":"https:\/\/conakrynews.org\/index.php\/wp-json\/wp\/v2\/posts\/14365\/revisions"}],"wp:featuredmedia":[{"embeddable":true,"href":"https:\/\/conakrynews.org\/index.php\/wp-json\/wp\/v2\/media\/14366"}],"wp:attachment":[{"href":"https:\/\/conakrynews.org\/index.php\/wp-json\/wp\/v2\/media?parent=14365"}],"wp:term":[{"taxonomy":"category","embeddable":true,"href":"https:\/\/conakrynews.org\/index.php\/wp-json\/wp\/v2\/categories?post=14365"},{"taxonomy":"post_tag","embeddable":true,"href":"https:\/\/conakrynews.org\/index.php\/wp-json\/wp\/v2\/tags?post=14365"}],"curies":[{"name":"wp","href":"https:\/\/api.w.org\/{rel}","templated":true}]}}