{"id":14371,"date":"2022-08-07T10:18:58","date_gmt":"2022-08-07T10:18:58","guid":{"rendered":"https:\/\/conakrynews.org\/?p=14371"},"modified":"2022-08-07T10:21:03","modified_gmt":"2022-08-07T10:21:03","slug":"cote-divoire-alassane-ouattara-gracie-lancien-president-laurent-gbagbo","status":"publish","type":"post","link":"https:\/\/conakrynews.org\/index.php\/cote-divoire-alassane-ouattara-gracie-lancien-president-laurent-gbagbo\/","title":{"rendered":"C\u00f4te d&rsquo;Ivoire: Alassane Ouattara gracie l&rsquo;ancien pr\u00e9sident Laurent Gbagbo"},"content":{"rendered":"<p>Le pr\u00e9sident ivoirien Alassane Ouattara a annonc\u00e9 samedi 6 ao\u00fbt avoir accord\u00e9 sa gr\u00e2ce \u00e0 son pr\u00e9d\u00e9cesseur et ancien rival Laurent Gbagbo, sous le coup d&rsquo;une peine de 20 ans de prison dans son pays \u00e0 la suite de la crise post-\u00e9lectorale de 2010-2011. <\/p>\n<p>Alors qu\u2019il \u00e9tait en prison \u00e0 la CPI \u00e0 La Haye, Laurent Gbagbo avait \u00e9t\u00e9 condamn\u00e9 en son absence \u00e0 20 ans de prison en 2018 pour l\u2019affaire dite \u00ab du braquage de la BCEAO \u00bb. Ce samedi soir donc Alassane Ouattara l&rsquo;a graci\u00e9.<\/p>\n<p>\u00ab Dans le souci de renforcer la coh\u00e9sion sociale, j\u2019ai sign\u00e9 un d\u00e9cret accordant la gr\u00e2ce pr\u00e9sidentielle \u00e0 M. Laurent Gbagbo, a d\u00e9clar\u00e9 le pr\u00e9sident ivoirien lors de son discours \u00e0 la nation, ce samedi 6 ao\u00fbt. J\u2019ai \u00e9galement demand\u00e9 qu\u2019il soit proc\u00e9d\u00e9 au d\u00e9gel de ses comptes et au paiement de ses arri\u00e9r\u00e9s de rentes viag\u00e8res. \u00bb<\/p>\n<p>Laurent Gbagbo r\u00e9clamait en effet depuis son acquittement par la CPI que l\u2019\u00c9tat ivoirien lui verse les arri\u00e9r\u00e9s de rentes viag\u00e8res dues aux anciens pr\u00e9sidents, et qui avaient \u00e9t\u00e9 gel\u00e9s lors de sa d\u00e9tention \u00e0 La Haye, ce qui devrait atteindre 3 millions d\u2019euros si le bar\u00e8me lui est appliqu\u00e9 r\u00e9troactivement sur 10 ans. Ses comptes bancaires seront \u00e9galement d\u00e9gel\u00e9s.<\/p>\n<p>RFI<\/p>\n","protected":false},"excerpt":{"rendered":"<p>Le pr\u00e9sident ivoirien Alassane Ouattara a annonc\u00e9 samedi 6 ao\u00fbt avoir accord\u00e9 sa gr\u00e2ce \u00e0 son pr\u00e9d\u00e9cesseur et ancien rival Laurent Gbagbo, sous le coup d&rsquo;une peine de 20 ans de prison dans son pays \u00e0 la suite de la crise post-\u00e9lectorale de 2010-2011. Alors qu\u2019il \u00e9tait en prison \u00e0 la CPI \u00e0 La Haye, [&hellip;]<\/p>\n","protected":false},"author":2,"featured_media":14372,"comment_status":"closed","ping_status":"closed","sticky":false,"template":"","format":"standard","meta":{"footnotes":""},"categories":[57],"tags":[],"class_list":{"0":"post-14371","1":"post","2":"type-post","3":"status-publish","4":"format-standard","5":"has-post-thumbnail","7":"category-politique"},"_links":{"self":[{"href":"https:\/\/conakrynews.org\/index.php\/wp-json\/wp\/v2\/posts\/14371","targetHints":{"allow":["GET"]}}],"collection":[{"href":"https:\/\/conakrynews.org\/index.php\/wp-json\/wp\/v2\/posts"}],"about":[{"href":"https:\/\/conakrynews.org\/index.php\/wp-json\/wp\/v2\/types\/post"}],"author":[{"embeddable":true,"href":"https:\/\/conakrynews.org\/index.php\/wp-json\/wp\/v2\/users\/2"}],"replies":[{"embeddable":true,"href":"https:\/\/conakrynews.org\/index.php\/wp-json\/wp\/v2\/comments?post=14371"}],"version-history":[{"count":0,"href":"https:\/\/conakrynews.org\/index.php\/wp-json\/wp\/v2\/posts\/14371\/revisions"}],"wp:featuredmedia":[{"embeddable":true,"href":"https:\/\/conakrynews.org\/index.php\/wp-json\/wp\/v2\/media\/14372"}],"wp:attachment":[{"href":"https:\/\/conakrynews.org\/index.php\/wp-json\/wp\/v2\/media?parent=14371"}],"wp:term":[{"taxonomy":"category","embeddable":true,"href":"https:\/\/conakrynews.org\/index.php\/wp-json\/wp\/v2\/categories?post=14371"},{"taxonomy":"post_tag","embeddable":true,"href":"https:\/\/conakrynews.org\/index.php\/wp-json\/wp\/v2\/tags?post=14371"}],"curies":[{"name":"wp","href":"https:\/\/api.w.org\/{rel}","templated":true}]}}