{"id":14379,"date":"2022-08-07T11:02:32","date_gmt":"2022-08-07T11:02:32","guid":{"rendered":"https:\/\/conakrynews.org\/?p=14379"},"modified":"2022-08-07T11:02:32","modified_gmt":"2022-08-07T11:02:32","slug":"guinee-appui-allemand-a-des-unites-de-soins-intensifs","status":"publish","type":"post","link":"https:\/\/conakrynews.org\/index.php\/guinee-appui-allemand-a-des-unites-de-soins-intensifs\/","title":{"rendered":"Guin\u00e9e : Appui allemand \u00e0 des unit\u00e9s de soins intensifs"},"content":{"rendered":"<p>L&rsquo;Allemagne a lanc\u00e9 en Guin\u00e9e un projet visant \u00e0 renforcer les unit\u00e9s de soins intensifs dans sept structures sanitaires, et ce, afin d&rsquo;offrir aux malades une prise en charge ad\u00e9quate. Foto: Ambassade d&rsquo;Allemagne \u00e0 Conakry\/Photo de presse\/dpa<\/p>\n<p>Les structures sanitaires concern\u00e9es seront dot\u00e9es, entre autres, de lits de r\u00e9animation et d\u2019\u00e9quipements ad\u00e9quats.<\/p>\n<p>L\u2019Allemagne a lanc\u00e9 en Guin\u00e9e un projet visant \u00e0 renforcer les unit\u00e9s de soins intensifs dans sept structures sanitaires, et ce, afin d\u2019offrir aux malades une prise en charge ad\u00e9quate. Intitul\u00e9 \u00ab Alliance des h\u00f4pitaux pour le renforcement des unit\u00e9s de soins intensifs en Guin\u00e9e \u00bb, ce projet de Partenariat Public-Priv\u00e9 (PPP) est enti\u00e8rement financ\u00e9 par l\u2019Agence allemande de coop\u00e9ration internationale (GIZ). \u00ab L\u2019objectif principal de ce projet est de renforcer les unit\u00e9s de soins intensifs en Guin\u00e9e pour la prise en charge ad\u00e9quate des malades en soins d\u2019urgence \u00bb, a d\u00e9clar\u00e9 Ulrich Meier-Tesch, l\u2019ambassadeur allemand en Guin\u00e9e.\u00ab Sept structures sanitaires partenaires de ce PPP seront dot\u00e9es, entre autres, de 14 lits de r\u00e9animation et d\u2019\u00e9quipements ad\u00e9quats et leur personnel sera form\u00e9 \u00bb, a-t-il pr\u00e9cis\u00e9, cit\u00e9 par l\u2019ambassade allemande \u00e0 Conakry. Selon le minist\u00e8re guin\u00e9en de la Sant\u00e9 et de l\u2019hygi\u00e8ne publique, le projet vise \u00e0 cr\u00e9er un partenariat entre des cliniques priv\u00e9es et des h\u00f4pitaux publics et confessionnels, \u00e0 renforcer les capacit\u00e9s des professionnels de sant\u00e9, et \u00e0 \u00e9quiper et moderniser les structures b\u00e9n\u00e9ficiaires.<br \/>\nDans ce cadre, 35 professionnels de sant\u00e9 venant des structures partenaires seront form\u00e9s \u00e0 la prise en charge des malades, \u00e0 la gestion des unit\u00e9s de soins intensifs et \u00e0 la maintenance des \u00e9quipements, a indiqu\u00e9 le minist\u00e8re. \u00ab Sur toute la dur\u00e9e du projet, des malades seront gratuitement pris en charge et les tarifs des cliniques priv\u00e9es b\u00e9n\u00e9ficiaires seront r\u00e9duits apr\u00e8s le projet \u00bb, a-t-on pris\u00e9<\/p>\n<p>Avec dpanews<\/p>\n","protected":false},"excerpt":{"rendered":"<p>L&rsquo;Allemagne a lanc\u00e9 en Guin\u00e9e un projet visant \u00e0 renforcer les unit\u00e9s de soins intensifs dans sept structures sanitaires, et ce, afin d&rsquo;offrir aux malades une prise en charge ad\u00e9quate. Foto: Ambassade d&rsquo;Allemagne \u00e0 Conakry\/Photo de presse\/dpa Les structures sanitaires concern\u00e9es seront dot\u00e9es, entre autres, de lits de r\u00e9animation et d\u2019\u00e9quipements ad\u00e9quats. L\u2019Allemagne a lanc\u00e9 [&hellip;]<\/p>\n","protected":false},"author":2,"featured_media":14380,"comment_status":"closed","ping_status":"closed","sticky":false,"template":"","format":"standard","meta":{"footnotes":""},"categories":[59],"tags":[],"class_list":{"0":"post-14379","1":"post","2":"type-post","3":"status-publish","4":"format-standard","5":"has-post-thumbnail","7":"category-sante"},"_links":{"self":[{"href":"https:\/\/conakrynews.org\/index.php\/wp-json\/wp\/v2\/posts\/14379","targetHints":{"allow":["GET"]}}],"collection":[{"href":"https:\/\/conakrynews.org\/index.php\/wp-json\/wp\/v2\/posts"}],"about":[{"href":"https:\/\/conakrynews.org\/index.php\/wp-json\/wp\/v2\/types\/post"}],"author":[{"embeddable":true,"href":"https:\/\/conakrynews.org\/index.php\/wp-json\/wp\/v2\/users\/2"}],"replies":[{"embeddable":true,"href":"https:\/\/conakrynews.org\/index.php\/wp-json\/wp\/v2\/comments?post=14379"}],"version-history":[{"count":0,"href":"https:\/\/conakrynews.org\/index.php\/wp-json\/wp\/v2\/posts\/14379\/revisions"}],"wp:featuredmedia":[{"embeddable":true,"href":"https:\/\/conakrynews.org\/index.php\/wp-json\/wp\/v2\/media\/14380"}],"wp:attachment":[{"href":"https:\/\/conakrynews.org\/index.php\/wp-json\/wp\/v2\/media?parent=14379"}],"wp:term":[{"taxonomy":"category","embeddable":true,"href":"https:\/\/conakrynews.org\/index.php\/wp-json\/wp\/v2\/categories?post=14379"},{"taxonomy":"post_tag","embeddable":true,"href":"https:\/\/conakrynews.org\/index.php\/wp-json\/wp\/v2\/tags?post=14379"}],"curies":[{"name":"wp","href":"https:\/\/api.w.org\/{rel}","templated":true}]}}