{"id":14389,"date":"2022-08-08T11:27:59","date_gmt":"2022-08-08T11:27:59","guid":{"rendered":"https:\/\/conakrynews.org\/?p=14389"},"modified":"2022-08-08T11:27:59","modified_gmt":"2022-08-08T11:27:59","slug":"mali-guinee-reunion-de-travail-des-directions-techniques-du-secteur-de-transit-inter-etats","status":"publish","type":"post","link":"https:\/\/conakrynews.org\/index.php\/mali-guinee-reunion-de-travail-des-directions-techniques-du-secteur-de-transit-inter-etats\/","title":{"rendered":"Mali-Guin\u00e9e: R\u00e9union de travail des directions techniques du secteur de Transit inter \u00c9tats"},"content":{"rendered":"<p>Une forte d\u00e9l\u00e9gation guin\u00e9enne conduite par le ministre le secr\u00e9taire g\u00e9n\u00e9ral \u00e0 la Pr\u00e9sidence de la R\u00e9publique, Colonel Amara Camara a prit part ce samedi 6 ao\u00fbt 2022 \u00e0 Bamako \u00e0 la r\u00e9union de travail des directions techniques de la Guin\u00e9e et du Mali.<br \/>\nCette rencontre \u00e0 regroup\u00e9 toutes les parties prenantes qui interviennent dans le secteur Transit inter \u00c9tats.<br \/>\nPr\u00e9sent \u00e0 cette rencontre, le Directeur G\u00e9neral Adjoint du Conseil Guin\u00e9en des Chargeurs (CGC), Macki Guiss\u00e9 a mis un accent particulier sur  les actions qui sont d\u00e9j\u00e0 entrepris et qui avancent dont entre autres:<br \/>\n\u25a0La finalisation de la construction de nos aires de stationnement et le repos sur le corridor;<br \/>\n\u25a0La mise en exploitation dans un bref d\u00e9lai de la plate-forme des sites de 2 ha \u00e0 Kouroussa, Mamou et Kour\u00e9mali.<br \/>\nDe son c\u00f4t\u00e9, le pr\u00e9sident du conseil malien des Chargeurs tr\u00e8s \u00e9mu n\u2019a pas manqu\u00e9 de magnifier tous les efforts louables que le CGC ne cesse de faire pour la facilitation du transit Guin\u00e9e-Mali.<br \/>\nQuand au SG du MIT, il a tenu \u00e0 remercier le CGC pour son engagement et a promis d\u2019\u0153uvrer sans rel\u00e2che pour accompagner le CGC dans l\u2019atteinte de sa noble mission \u00e0 travers ses ambitieux projets qui cadrent en droite ligne avec les priorit\u00e9s du CNRD et de son pr\u00e9sident, le Colonel Mamadi DOUMBOUYA.<\/p>\n<p>Moustapha DRAM\u00c9<\/p>\n","protected":false},"excerpt":{"rendered":"<p>Une forte d\u00e9l\u00e9gation guin\u00e9enne conduite par le ministre le secr\u00e9taire g\u00e9n\u00e9ral \u00e0 la Pr\u00e9sidence de la R\u00e9publique, Colonel Amara Camara a prit part ce samedi 6 ao\u00fbt 2022 \u00e0 Bamako \u00e0 la r\u00e9union de travail des directions techniques de la Guin\u00e9e et du Mali. Cette rencontre \u00e0 regroup\u00e9 toutes les parties prenantes qui interviennent dans [&hellip;]<\/p>\n","protected":false},"author":2,"featured_media":14390,"comment_status":"closed","ping_status":"closed","sticky":false,"template":"","format":"standard","meta":{"footnotes":""},"categories":[58],"tags":[],"class_list":{"0":"post-14389","1":"post","2":"type-post","3":"status-publish","4":"format-standard","5":"has-post-thumbnail","7":"category-societe"},"_links":{"self":[{"href":"https:\/\/conakrynews.org\/index.php\/wp-json\/wp\/v2\/posts\/14389","targetHints":{"allow":["GET"]}}],"collection":[{"href":"https:\/\/conakrynews.org\/index.php\/wp-json\/wp\/v2\/posts"}],"about":[{"href":"https:\/\/conakrynews.org\/index.php\/wp-json\/wp\/v2\/types\/post"}],"author":[{"embeddable":true,"href":"https:\/\/conakrynews.org\/index.php\/wp-json\/wp\/v2\/users\/2"}],"replies":[{"embeddable":true,"href":"https:\/\/conakrynews.org\/index.php\/wp-json\/wp\/v2\/comments?post=14389"}],"version-history":[{"count":0,"href":"https:\/\/conakrynews.org\/index.php\/wp-json\/wp\/v2\/posts\/14389\/revisions"}],"wp:featuredmedia":[{"embeddable":true,"href":"https:\/\/conakrynews.org\/index.php\/wp-json\/wp\/v2\/media\/14390"}],"wp:attachment":[{"href":"https:\/\/conakrynews.org\/index.php\/wp-json\/wp\/v2\/media?parent=14389"}],"wp:term":[{"taxonomy":"category","embeddable":true,"href":"https:\/\/conakrynews.org\/index.php\/wp-json\/wp\/v2\/categories?post=14389"},{"taxonomy":"post_tag","embeddable":true,"href":"https:\/\/conakrynews.org\/index.php\/wp-json\/wp\/v2\/tags?post=14389"}],"curies":[{"name":"wp","href":"https:\/\/api.w.org\/{rel}","templated":true}]}}