{"id":14392,"date":"2022-08-08T11:35:41","date_gmt":"2022-08-08T11:35:41","guid":{"rendered":"https:\/\/conakrynews.org\/?p=14392"},"modified":"2022-08-08T11:35:41","modified_gmt":"2022-08-08T11:35:41","slug":"seize-mois-de-captivite-au-mali-pour-le-journaliste-francais-olivier-dubois","status":"publish","type":"post","link":"https:\/\/conakrynews.org\/index.php\/seize-mois-de-captivite-au-mali-pour-le-journaliste-francais-olivier-dubois\/","title":{"rendered":"Seize mois de captivit\u00e9 au Mali pour le journaliste fran\u00e7ais Olivier Dubois"},"content":{"rendered":"\n<p>Le journaliste fran\u00e7ais Olivier Dubois \u00e0 Nioro au Mali en septembre 2020.<\/p>\n<p>Il vient de passer son deuxi\u00e8me anniversaire en captivit\u00e9. Olivier Dubois a eu 48 ans le 6 ao\u00fbt, et cela fait d\u00e9sormais 16 mois qu\u2019il est otage au Mali. Le journaliste fran\u00e7ais a \u00e9t\u00e9 enlev\u00e9 le 8 avril 2021 \u00e0 Gao alors qu\u2019il \u00e9tait en reportage. Collaborateur de Jeune Afrique, du Point et de Lib\u00e9ration, Olivier Dubois est depuis apparu dans deux vid\u00e9os dans lesquelles il explique \u00eatre retenu par le Jnim, le Groupe de soutien \u00e0 l\u2019Islam et aux musulmans dirig\u00e9 par Iyad Ag Ghaly et li\u00e9 \u00e0 al-Qa\u00efda.<\/p>\n<p>Le Mali et la France assurent \u00eatre engag\u00e9es pour sa lib\u00e9ration, mais ne donnent toujours aucun d\u00e9tail sur les actions entreprises en ce sens. En attendant qu\u2019il retrouve la libert\u00e9, RFI donne la parole \u00e0 la famille d\u2019Olivier Dubois tous les 8 du mois. Dans la derni\u00e8re preuve de vie diffus\u00e9e par ses ravisseurs, Olivier Dubois expliquait qu\u2019il pouvait entendre ces messages, l\u00e0 o\u00f9 il se trouve, et qu\u2019ils lui \u00e9taient \u00e9videmment d\u2019un grand soutien.<\/p>\n<p>D\u00e9borah Al Hawi Al Masri, compagne d\u2019Olivier Dubois et m\u00e8re de ses enfants<br \/>\nPour ton jour de comm\u00e9moration, pas de tr\u00eave quant \u00e0 notre mobilisation. D\u2019Avignon \u00e0 Marseille, de Brian\u00e7on \u00e0 l\u2019Alpe d&rsquo;Huez et jusque dans la capitale, d\u00e9sormais, ton nom, Olivier, a fait le tour de France. Via notre p\u00e9tition \u201cLib\u00e9rons Olivier Dubois\u201d, l\u2019un des signataires nous a \u00e9crit que si demain, il \u00e9tait \u00e0 ta place, il aimerait beaucoup que tout le monde se mobilise pour lui. Car ne pas oublier Olivier Dubois ne suffit pas. C\u2019est pourquoi, depuis sept mois, frangin, plus de 110 000 personnes, \u00e0 tes c\u00f4t\u00e9s et aux n\u00f4tres, souhaitent, demandent et r\u00e9clament, tout comme nous, que ce silence qui t\u2019entoure soit enfin bris\u00e9, et que tu sois enfin lib\u00e9r\u00e9, o\u00f9 que tu sois. Maman, Benjamin et moi t\u2019adressons toutes nos pens\u00e9es. &#8211; Rien \u00e0 c\u00e9l\u00e9brer pour ton anniversaire, encore une fois. Seize mois et bient\u00f4t 500 jours que tu es priv\u00e9 de libert\u00e9 et de contact avec nous. Avec ta s\u0153ur, nous continuons de faire avancer nos actions pour que tu ne tombes pas dans l\u2019oubli. Festival d\u2019Avignon, Tour de France, on en a encore sous le pied. Ne perd pas espoir, car personne ne peut t\u2019en d\u00e9poss\u00e9der. \u00c0 tr\u00e8s bient\u00f4t.<\/p>\n<p>Can\u00e8le Bernard, une des s\u0153urs d\u2019Olivier Dubois, et son compagnon Benjamin<br \/>\nCan\u00e8le Bernard, une des s\u0153urs d\u2019Olivier Dubois, et son compagnon Benjamin<\/p>\n<p>David Bach\u00e9<\/p>\n<p>M\u00e8re d\u2019Olivier Dubois<\/p>\n<p>Andr\u00e9-Georges et Val\u00e9rye Dubois, p\u00e8re et s\u0153ur d&rsquo;Olivier Dubois<br \/>\n\u00ab Lib\u00e9rons Olivier Dubois \u00bb : une carte postale \u00e0 l&rsquo;Elys\u00e9e<br \/>\nLa m\u00e8re, la s\u0153ur et le beau-fr\u00e8re d&rsquo;Olivier Dubois ont \u00e9galement demand\u00e9, vendredi 5 ao\u00fbt, \u00e0 ceux qui veulent le soutenir, de se procurer \u00ab une carte postale respectueuse de son destinataire \u00bb et d&rsquo;y \u00e9crire ce message : \u00ab Bonjour M. le pr\u00e9sident, quand Olivier Dubois journaliste, rentrera-t-il en France ? 500 jours&#8230; Lib\u00e9rons Olivier Dubois. \u00bb Les participants sont ensuite convi\u00e9s \u00e0 envoyer cette carte postale \u00e0 Emmanuel Macron \u00e0 l&rsquo;\u00c9lys\u00e9e, \u00e0 Paris. \u00ab Sans timbre, c&rsquo;est gratuit \u00bb, pr\u00e9cise le communiqu\u00e9 de la famille, qui a \u00e9galement post\u00e9 une vid\u00e9o sur YouTube pour promouvoir l&rsquo;op\u00e9ration.<\/p>\n","protected":false},"excerpt":{"rendered":"<p>Le journaliste fran\u00e7ais Olivier Dubois \u00e0 Nioro au Mali en septembre 2020. Il vient de passer son deuxi\u00e8me anniversaire en captivit\u00e9. Olivier Dubois a eu 48 ans le 6 ao\u00fbt, et cela fait d\u00e9sormais 16 mois qu\u2019il est otage au Mali. Le journaliste fran\u00e7ais a \u00e9t\u00e9 enlev\u00e9 le 8 avril 2021 \u00e0 Gao alors qu\u2019il [&hellip;]<\/p>\n","protected":false},"author":2,"featured_media":14393,"comment_status":"closed","ping_status":"closed","sticky":false,"template":"","format":"standard","meta":{"footnotes":""},"categories":[58],"tags":[],"class_list":{"0":"post-14392","1":"post","2":"type-post","3":"status-publish","4":"format-standard","5":"has-post-thumbnail","7":"category-societe"},"_links":{"self":[{"href":"https:\/\/conakrynews.org\/index.php\/wp-json\/wp\/v2\/posts\/14392","targetHints":{"allow":["GET"]}}],"collection":[{"href":"https:\/\/conakrynews.org\/index.php\/wp-json\/wp\/v2\/posts"}],"about":[{"href":"https:\/\/conakrynews.org\/index.php\/wp-json\/wp\/v2\/types\/post"}],"author":[{"embeddable":true,"href":"https:\/\/conakrynews.org\/index.php\/wp-json\/wp\/v2\/users\/2"}],"replies":[{"embeddable":true,"href":"https:\/\/conakrynews.org\/index.php\/wp-json\/wp\/v2\/comments?post=14392"}],"version-history":[{"count":0,"href":"https:\/\/conakrynews.org\/index.php\/wp-json\/wp\/v2\/posts\/14392\/revisions"}],"wp:featuredmedia":[{"embeddable":true,"href":"https:\/\/conakrynews.org\/index.php\/wp-json\/wp\/v2\/media\/14393"}],"wp:attachment":[{"href":"https:\/\/conakrynews.org\/index.php\/wp-json\/wp\/v2\/media?parent=14392"}],"wp:term":[{"taxonomy":"category","embeddable":true,"href":"https:\/\/conakrynews.org\/index.php\/wp-json\/wp\/v2\/categories?post=14392"},{"taxonomy":"post_tag","embeddable":true,"href":"https:\/\/conakrynews.org\/index.php\/wp-json\/wp\/v2\/tags?post=14392"}],"curies":[{"name":"wp","href":"https:\/\/api.w.org\/{rel}","templated":true}]}}