{"id":14460,"date":"2022-08-11T17:12:45","date_gmt":"2022-08-11T17:12:45","guid":{"rendered":"https:\/\/conakrynews.org\/?p=14460"},"modified":"2022-08-11T17:15:44","modified_gmt":"2022-08-11T17:15:44","slug":"guinee-vers-letablissement-de-la-cartographie-des-partis-politiques","status":"publish","type":"post","link":"https:\/\/conakrynews.org\/index.php\/guinee-vers-letablissement-de-la-cartographie-des-partis-politiques\/","title":{"rendered":"Guin\u00e9e: Vers l\u2019\u00e9tablissement de la cartographie des partis politiques"},"content":{"rendered":"<p>Dans un communiqu\u00e9 publi\u00e9 mercredi 10 ao\u00fbt 2022, le ministre de l\u2019administration du territoire et de la d\u00e9centralisation, Mory Cond\u00e9 a inform\u00e9 les partis politiques qu\u2019une mission de son d\u00e9partement se rendra dans leurs si\u00e8ges au niveau national, pr\u00e9fectoral et sous-pr\u00e9fectoral \u00e0 compter du mardi 16 ao\u00fbt au jeudi 15 septembre 2022.<\/p>\n<p>Selon le communiqu\u00e9, cette mission d\u2019inscrit dans le cadre de l\u2019\u00e9tablissement de la cartographie des partis politiques en R\u00e9publique de Guin\u00e9e.<\/p>\n<p>Ci-joint le communiqu\u00e9<img loading=\"lazy\" decoding=\"async\" src=\"https:\/\/conakrynews.org\/wp-content\/uploads\/2022\/08\/298063788_4984710201633307_4350675792399387988_n-249x375.jpg\" alt=\"\" width=\"249\" height=\"375\" class=\"alignright size-medium wp-image-14461\" srcset=\"https:\/\/conakrynews.org\/wp-content\/uploads\/2022\/08\/298063788_4984710201633307_4350675792399387988_n-249x375.jpg 249w, https:\/\/conakrynews.org\/wp-content\/uploads\/2022\/08\/298063788_4984710201633307_4350675792399387988_n.jpg 526w\" sizes=\"auto, (max-width: 249px) 100vw, 249px\" \/><\/p>\n<p>Guin\u00e9equotidien.com<\/p>\n","protected":false},"excerpt":{"rendered":"<p>Dans un communiqu\u00e9 publi\u00e9 mercredi 10 ao\u00fbt 2022, le ministre de l\u2019administration du territoire et de la d\u00e9centralisation, Mory Cond\u00e9 a inform\u00e9 les partis politiques qu\u2019une mission de son d\u00e9partement se rendra dans leurs si\u00e8ges au niveau national, pr\u00e9fectoral et sous-pr\u00e9fectoral \u00e0 compter du mardi 16 ao\u00fbt au jeudi 15 septembre 2022. Selon le communiqu\u00e9, [&hellip;]<\/p>\n","protected":false},"author":2,"featured_media":14463,"comment_status":"closed","ping_status":"closed","sticky":false,"template":"","format":"standard","meta":{"footnotes":""},"categories":[57],"tags":[],"class_list":{"0":"post-14460","1":"post","2":"type-post","3":"status-publish","4":"format-standard","5":"has-post-thumbnail","7":"category-politique"},"_links":{"self":[{"href":"https:\/\/conakrynews.org\/index.php\/wp-json\/wp\/v2\/posts\/14460","targetHints":{"allow":["GET"]}}],"collection":[{"href":"https:\/\/conakrynews.org\/index.php\/wp-json\/wp\/v2\/posts"}],"about":[{"href":"https:\/\/conakrynews.org\/index.php\/wp-json\/wp\/v2\/types\/post"}],"author":[{"embeddable":true,"href":"https:\/\/conakrynews.org\/index.php\/wp-json\/wp\/v2\/users\/2"}],"replies":[{"embeddable":true,"href":"https:\/\/conakrynews.org\/index.php\/wp-json\/wp\/v2\/comments?post=14460"}],"version-history":[{"count":0,"href":"https:\/\/conakrynews.org\/index.php\/wp-json\/wp\/v2\/posts\/14460\/revisions"}],"wp:featuredmedia":[{"embeddable":true,"href":"https:\/\/conakrynews.org\/index.php\/wp-json\/wp\/v2\/media\/14463"}],"wp:attachment":[{"href":"https:\/\/conakrynews.org\/index.php\/wp-json\/wp\/v2\/media?parent=14460"}],"wp:term":[{"taxonomy":"category","embeddable":true,"href":"https:\/\/conakrynews.org\/index.php\/wp-json\/wp\/v2\/categories?post=14460"},{"taxonomy":"post_tag","embeddable":true,"href":"https:\/\/conakrynews.org\/index.php\/wp-json\/wp\/v2\/tags?post=14460"}],"curies":[{"name":"wp","href":"https:\/\/api.w.org\/{rel}","templated":true}]}}