{"id":14486,"date":"2022-08-12T21:12:00","date_gmt":"2022-08-12T21:12:00","guid":{"rendered":"https:\/\/conakrynews.org\/?p=14486"},"modified":"2022-08-12T21:12:00","modified_gmt":"2022-08-12T21:12:00","slug":"guinee-celebration-en-differe-de-la-journee-internationale-de-la-femme-africaine","status":"publish","type":"post","link":"https:\/\/conakrynews.org\/index.php\/guinee-celebration-en-differe-de-la-journee-internationale-de-la-femme-africaine\/","title":{"rendered":"Guin\u00e9e: C\u00e9l\u00e9bration en diff\u00e9r\u00e9 de la Journ\u00e9e Internationale de la Femme Africaine"},"content":{"rendered":"<p>La journ\u00e9e internationale de la femme africaine a \u00e9t\u00e9 c\u00e9l\u00e9br\u00e9e ce vendredi 12 ao\u00fbt 2022 dans la salle du 28 septembre du palais du peuple, sous le th\u00e8me : \u00ab Femmes de Guin\u00e9e porte flambeau de la paix, avant garde des valeurs citoyennes, du vivre ensemble \u00bb.<\/p>\n<p>En Pr\u00e9sidant cette c\u00e9r\u00e9monie, Dr Dansa KOUROUMA, Pr\u00e9sident du Conseil National de la Transition, a invit\u00e9 les femmes \u00e0 plus d\u2019unit\u00e9, de coh\u00e9sion sociale et surtout de paix. Il a \u00e9galement insist\u00e9 sur la n\u00e9cessit\u00e9 pour les femmes de s\u2019impliquer aupr\u00e8s du CNT pour renforcer le dispositif juridique qui promeut l\u2019\u00e9galit\u00e9.<\/p>\n<p>M\u00eame son de cloche chez la premi\u00e8re vice-pr\u00e9sidente du CNT Hadja Maimouna Yombouno Bangoura qui a rappel\u00e9 le r\u00f4le pr\u00e9pond\u00e9rant de la femme dans la promotion d\u2019une soci\u00e9t\u00e9 juste et \u00e9galitaire.<\/p>\n<p>La Fondation Solidarit\u00e9 F\u00e9minine et les ONG actives, sont \u00e0 l\u2019initiative de l\u2019organisation de cette c\u00e9l\u00e9bration. Elle a connu \u00e9galement la pr\u00e9sence des Conseill\u00e8res nationales du CNT, de la Ministre de la Promotion F\u00e9minine, de l\u2019Enfance et des Personnes Vuln\u00e9rables, de l\u2019Ambassadrice du Ghana en Guin\u00e9e, des pionni\u00e8res dans la promotion des femmes en Guin\u00e9e et plusieurs structures f\u00e9minines du pays.<\/p>\n<p>A rappeler que la journ\u00e9e internationale de la femme africaine a \u00e9t\u00e9 institu\u00e9e depuis 1964.<\/p>\n<p>Avec la cellule de comm du CNT<\/p>\n","protected":false},"excerpt":{"rendered":"<p>La journ\u00e9e internationale de la femme africaine a \u00e9t\u00e9 c\u00e9l\u00e9br\u00e9e ce vendredi 12 ao\u00fbt 2022 dans la salle du 28 septembre du palais du peuple, sous le th\u00e8me : \u00ab Femmes de Guin\u00e9e porte flambeau de la paix, avant garde des valeurs citoyennes, du vivre ensemble \u00bb. En Pr\u00e9sidant cette c\u00e9r\u00e9monie, Dr Dansa KOUROUMA, Pr\u00e9sident [&hellip;]<\/p>\n","protected":false},"author":2,"featured_media":14487,"comment_status":"closed","ping_status":"closed","sticky":false,"template":"","format":"standard","meta":{"footnotes":""},"categories":[1],"tags":[],"class_list":{"0":"post-14486","1":"post","2":"type-post","3":"status-publish","4":"format-standard","5":"has-post-thumbnail","7":"category-non-classe"},"_links":{"self":[{"href":"https:\/\/conakrynews.org\/index.php\/wp-json\/wp\/v2\/posts\/14486","targetHints":{"allow":["GET"]}}],"collection":[{"href":"https:\/\/conakrynews.org\/index.php\/wp-json\/wp\/v2\/posts"}],"about":[{"href":"https:\/\/conakrynews.org\/index.php\/wp-json\/wp\/v2\/types\/post"}],"author":[{"embeddable":true,"href":"https:\/\/conakrynews.org\/index.php\/wp-json\/wp\/v2\/users\/2"}],"replies":[{"embeddable":true,"href":"https:\/\/conakrynews.org\/index.php\/wp-json\/wp\/v2\/comments?post=14486"}],"version-history":[{"count":0,"href":"https:\/\/conakrynews.org\/index.php\/wp-json\/wp\/v2\/posts\/14486\/revisions"}],"wp:featuredmedia":[{"embeddable":true,"href":"https:\/\/conakrynews.org\/index.php\/wp-json\/wp\/v2\/media\/14487"}],"wp:attachment":[{"href":"https:\/\/conakrynews.org\/index.php\/wp-json\/wp\/v2\/media?parent=14486"}],"wp:term":[{"taxonomy":"category","embeddable":true,"href":"https:\/\/conakrynews.org\/index.php\/wp-json\/wp\/v2\/categories?post=14486"},{"taxonomy":"post_tag","embeddable":true,"href":"https:\/\/conakrynews.org\/index.php\/wp-json\/wp\/v2\/tags?post=14486"}],"curies":[{"name":"wp","href":"https:\/\/api.w.org\/{rel}","templated":true}]}}