{"id":14546,"date":"2022-08-17T10:28:57","date_gmt":"2022-08-17T10:28:57","guid":{"rendered":"https:\/\/conakrynews.org\/?p=14546"},"modified":"2022-08-17T10:43:34","modified_gmt":"2022-08-17T10:43:34","slug":"communique-de-lamg-sur-la-suspension-du-president-mohamed-diawara","status":"publish","type":"post","link":"https:\/\/conakrynews.org\/index.php\/communique-de-lamg-sur-la-suspension-du-president-mohamed-diawara\/","title":{"rendered":"Justice: Communiqu\u00e9 de l&rsquo;AMG sur la suspension du president Mohamed Diawara"},"content":{"rendered":"<p>L&rsquo;association  des  magistrats de Guin\u00e9e vient  de reagir  \u00e0 travers un communiqu\u00e9  sur la  suspension \u00ab\u00a0arbitraire \u00a0\u00bb de leur pr\u00e9sident  Mohamed Diawara, procureur  Sp\u00e9cial pr\u00e8s le tribunal pour enfants. Ce communiqu\u00e9 intervient  apr\u00e8s l\u2019arr\u00eat\u00e9 de suspension du pr\u00e9sident de l\u2019association des magistrats de Guin\u00e9e par le ministre de la justice  charles whrite.<\/p>\n<p>Dans ce communiqu\u00e9 dont   une copie  \u00e9t\u00e9  transmis \u00e0  la  r\u00e9daction de conakrynews.org , l\u2019AMG qualifie cette d\u00e9cision et a invit\u00e9 tous les magistrats de Guin\u00e9e, de la Cour Supr\u00eame, des deux Cours d\u2019Appel (Conakry-Kankan), de la Cour des comptes, de la CRIEF, des tribunaux de premi\u00e8re instance, du Tribunal pour enfants, du tribunal du Travail et des justices de paix, ainsi que ceux exercant dans les Tribunaux militaires et \u00e0 l\u2019Administration centrale \u00e0 une assembl\u00e9e g\u00e9n\u00e9rale le vendredi, 19 ao\u00fbt prochain dans la salle d\u2019audience de la Cour d\u2019Appel de Conakry.<\/p>\n<p>Lisez!<\/p>\n<p><img loading=\"lazy\" decoding=\"async\" src=\"https:\/\/conakrynews.org\/wp-content\/uploads\/2022\/08\/Communique\u0301-N\u00b0-003-de-lAMG-16-aou\u0302t-2022_page-0001-1087x1536-1-265x375.jpg\" alt=\"\" width=\"265\" height=\"375\" class=\"alignright size-medium wp-image-14548\" srcset=\"https:\/\/conakrynews.org\/wp-content\/uploads\/2022\/08\/Communique\u0301-N\u00b0-003-de-lAMG-16-aou\u0302t-2022_page-0001-1087x1536-1-265x375.jpg 265w, https:\/\/conakrynews.org\/wp-content\/uploads\/2022\/08\/Communique\u0301-N\u00b0-003-de-lAMG-16-aou\u0302t-2022_page-0001-1087x1536-1.jpg 297w\" sizes=\"auto, (max-width: 265px) 100vw, 265px\" \/><\/p>\n<p><img loading=\"lazy\" decoding=\"async\" src=\"https:\/\/conakrynews.org\/wp-content\/uploads\/2022\/08\/Communique\u0301-N\u00b0-003-de-lAMG-16-aou\u0302t-2022_page-0002-1087x1536-1-265x375.jpg\" alt=\"\" width=\"265\" height=\"375\" class=\"alignright size-medium wp-image-14550\" srcset=\"https:\/\/conakrynews.org\/wp-content\/uploads\/2022\/08\/Communique\u0301-N\u00b0-003-de-lAMG-16-aou\u0302t-2022_page-0002-1087x1536-1-265x375.jpg 265w, https:\/\/conakrynews.org\/wp-content\/uploads\/2022\/08\/Communique\u0301-N\u00b0-003-de-lAMG-16-aou\u0302t-2022_page-0002-1087x1536-1.jpg 297w\" sizes=\"auto, (max-width: 265px) 100vw, 265px\" \/><\/p>\n<p>Sylla Ibrahima Kalil,pour conakrynews.org 625444534<\/p>\n","protected":false},"excerpt":{"rendered":"<p>L&rsquo;association des magistrats de Guin\u00e9e vient de reagir \u00e0 travers un communiqu\u00e9 sur la suspension \u00ab\u00a0arbitraire \u00a0\u00bb de leur pr\u00e9sident Mohamed Diawara, procureur Sp\u00e9cial pr\u00e8s le tribunal pour enfants. Ce communiqu\u00e9 intervient apr\u00e8s l\u2019arr\u00eat\u00e9 de suspension du pr\u00e9sident de l\u2019association des magistrats de Guin\u00e9e par le ministre de la justice charles whrite. Dans ce communiqu\u00e9 [&hellip;]<\/p>\n","protected":false},"author":2,"featured_media":14551,"comment_status":"closed","ping_status":"closed","sticky":false,"template":"","format":"standard","meta":{"footnotes":""},"categories":[58],"tags":[],"class_list":{"0":"post-14546","1":"post","2":"type-post","3":"status-publish","4":"format-standard","5":"has-post-thumbnail","7":"category-societe"},"_links":{"self":[{"href":"https:\/\/conakrynews.org\/index.php\/wp-json\/wp\/v2\/posts\/14546","targetHints":{"allow":["GET"]}}],"collection":[{"href":"https:\/\/conakrynews.org\/index.php\/wp-json\/wp\/v2\/posts"}],"about":[{"href":"https:\/\/conakrynews.org\/index.php\/wp-json\/wp\/v2\/types\/post"}],"author":[{"embeddable":true,"href":"https:\/\/conakrynews.org\/index.php\/wp-json\/wp\/v2\/users\/2"}],"replies":[{"embeddable":true,"href":"https:\/\/conakrynews.org\/index.php\/wp-json\/wp\/v2\/comments?post=14546"}],"version-history":[{"count":0,"href":"https:\/\/conakrynews.org\/index.php\/wp-json\/wp\/v2\/posts\/14546\/revisions"}],"wp:featuredmedia":[{"embeddable":true,"href":"https:\/\/conakrynews.org\/index.php\/wp-json\/wp\/v2\/media\/14551"}],"wp:attachment":[{"href":"https:\/\/conakrynews.org\/index.php\/wp-json\/wp\/v2\/media?parent=14546"}],"wp:term":[{"taxonomy":"category","embeddable":true,"href":"https:\/\/conakrynews.org\/index.php\/wp-json\/wp\/v2\/categories?post=14546"},{"taxonomy":"post_tag","embeddable":true,"href":"https:\/\/conakrynews.org\/index.php\/wp-json\/wp\/v2\/tags?post=14546"}],"curies":[{"name":"wp","href":"https:\/\/api.w.org\/{rel}","templated":true}]}}