{"id":1457,"date":"2017-08-29T11:47:20","date_gmt":"2017-08-29T09:47:20","guid":{"rendered":"https:\/\/conakrynews.org\/?p=1457"},"modified":"2017-08-29T11:47:20","modified_gmt":"2017-08-29T09:47:20","slug":"protection-de-lenvironnement-inquietudes-de-lhonorable-dr-sekou-benna","status":"publish","type":"post","link":"https:\/\/conakrynews.org\/index.php\/protection-de-lenvironnement-inquietudes-de-lhonorable-dr-sekou-benna\/","title":{"rendered":"La protection de l\u2019environnement: Les inqui\u00e9tudes de l\u2019honorable Dr S\u00e9kou Benna"},"content":{"rendered":"<p><strong><em>\u2018\u2019<\/em><\/strong><strong><em>Un monde plus durable et solidaire o\u00f9 les principes d&rsquo;un d\u00e9veloppement soutenable se traduisent par un environnement pr\u00e9serv\u00e9 o\u00f9 chacun puisse \u00eatre respect\u00e9 et acteur de son devenir.\u2019\u2019\u00a0 C\u2019est le cr\u00e9do du d\u00e9put\u00e9, Dr S\u00e9kou Benna Camara, pr\u00e9sident de la commission pour le d\u00e9veloppement durable et l\u2019environnement, pr\u00e9sident des groupes d\u2019Amiti\u00e9s et les neuf pays de l\u2019Europe de l\u2019Est et pr\u00e9sident de la GUD (la Guin\u00e9e Unie pour la d\u00e9mocratie) s\u2019est exprim\u00e9 sur la question au micro de notre r\u00e9daction.<\/em><\/strong><\/p>\n<p><strong><em>Selon lui, le facteur environnemental dans notre pays est totalement laiss\u00e9 pour compte m\u00eame\u00a0 si le sujet reste d\u2019actualit\u00e9 dans nos diff\u00e9rents d\u00e9partements minist\u00e9riels. En plus, au niveau de l\u2019Assembl\u00e9e nationale, \u00e0 la r\u00e9vision du budget national, \u00a0le volet environnement est \u00e9galement ignor\u00e9 au regard du montant allou\u00e9 qui est de l\u2019ordre de 0,3 pour cent. Cela ne couvre m\u00eame pas les salaires alors que tout le monde est vis\u00e9 par ces facteurs de d\u00e9gradation de notre environnement, s\u2019est-il exclam\u00e9. <\/em><\/strong><\/p>\n<p><strong><em>Plus loin, l\u2019honorable S\u00e9kou Benna d\u2019enchain\u00e9\u00a0: De toutes les fa\u00e7ons, si rien\u00a0 n\u2019est fait pour sauvegarder notre environnement, se serait une catastrophe pour le pays. Cela veut dire qu\u2019en Guin\u00e9e, la temp\u00e9rature de la nature va s\u2019\u00e9lever en Guin\u00e9e. De 28\u00b0, elle s\u2019\u00e9l\u00e8vera jusqu\u2019\u00e0 50\u00b0 dans notre pays. Et c\u2019est pour cette raison que le gouvernement devrait \u00eatre proactif sur la question, que nous devons tenir s\u00e9rieusement compte du volet environnemental, a-t-il avertit. \u00a0Se pronon\u00e7ant \u00a0sur des mesures devant \u00eatre prise par rapport \u00e0 la construction anarchiques sur les sites r\u00e9serv\u00e9s par l\u2019\u00e9tat, en sa qualit\u00e9 d\u2019\u00e9lu du peuple, il a \u00e9voqu\u00e9 le r\u00f4le que doit jou\u00e9 les pouvoirs ex\u00e9cutif, l\u00e9gislatif<img loading=\"lazy\" decoding=\"async\" class=\"alignnone size-full wp-image-1454\" src=\"https:\/\/conakrynews.org\/wp-content\/uploads\/2017\/08\/sekou-benna-photo.jpg\" alt=\"\" width=\"200\" height=\"175\" \/> et judiciaire pour parer \u00e0 toute \u00e9ventualit\u00e9 pouvant impact\u00e9 n\u00e9gativement nos pauvres populations. \u2018\u2019C\u2019est donc au gouvernement au d\u00e9guerpissement des gens qui occupent ill\u00e9galement ses sites\u2019\u2019, a-t-il lanc\u00e9, faisant allusion au cas malheureux de Concasseur. Avant de souhait\u00e9 ses vives condol\u00e9ances aux familles \u00e9plor\u00e9es suite \u00e0 cette catastrophe. Et ce, malgr\u00e9 la sensibilisation des habitants \u00e0 qui ils ont fait savoir que Concasseur \u00e9tait une bombe \u00e0 retardement.<\/em><\/strong><\/p>\n<p><strong><em>La r\u00e9daction<\/em><\/strong><\/p>\n<p>&nbsp;<\/p>\n","protected":false},"excerpt":{"rendered":"<p>\u2018\u2019Un monde plus durable et solidaire o\u00f9 les principes d&rsquo;un d\u00e9veloppement soutenable se traduisent par un environnement pr\u00e9serv\u00e9 o\u00f9 chacun puisse \u00eatre respect\u00e9 et acteur de son devenir.\u2019\u2019\u00a0 C\u2019est le cr\u00e9do du d\u00e9put\u00e9, Dr S\u00e9kou Benna Camara, pr\u00e9sident de la commission pour le d\u00e9veloppement durable et l\u2019environnement, pr\u00e9sident des groupes d\u2019Amiti\u00e9s et les neuf pays [&hellip;]<\/p>\n","protected":false},"author":2,"featured_media":1454,"comment_status":"open","ping_status":"open","sticky":false,"template":"","format":"image","meta":{"footnotes":""},"categories":[60],"tags":[],"class_list":{"0":"post-1457","1":"post","2":"type-post","3":"status-publish","4":"format-image","5":"has-post-thumbnail","7":"category-environnement","8":"post_format-post-format-image"},"_links":{"self":[{"href":"https:\/\/conakrynews.org\/index.php\/wp-json\/wp\/v2\/posts\/1457","targetHints":{"allow":["GET"]}}],"collection":[{"href":"https:\/\/conakrynews.org\/index.php\/wp-json\/wp\/v2\/posts"}],"about":[{"href":"https:\/\/conakrynews.org\/index.php\/wp-json\/wp\/v2\/types\/post"}],"author":[{"embeddable":true,"href":"https:\/\/conakrynews.org\/index.php\/wp-json\/wp\/v2\/users\/2"}],"replies":[{"embeddable":true,"href":"https:\/\/conakrynews.org\/index.php\/wp-json\/wp\/v2\/comments?post=1457"}],"version-history":[{"count":0,"href":"https:\/\/conakrynews.org\/index.php\/wp-json\/wp\/v2\/posts\/1457\/revisions"}],"wp:featuredmedia":[{"embeddable":true,"href":"https:\/\/conakrynews.org\/index.php\/wp-json\/wp\/v2\/media\/1454"}],"wp:attachment":[{"href":"https:\/\/conakrynews.org\/index.php\/wp-json\/wp\/v2\/media?parent=1457"}],"wp:term":[{"taxonomy":"category","embeddable":true,"href":"https:\/\/conakrynews.org\/index.php\/wp-json\/wp\/v2\/categories?post=1457"},{"taxonomy":"post_tag","embeddable":true,"href":"https:\/\/conakrynews.org\/index.php\/wp-json\/wp\/v2\/tags?post=1457"}],"curies":[{"name":"wp","href":"https:\/\/api.w.org\/{rel}","templated":true}]}}