{"id":14580,"date":"2022-08-18T10:19:39","date_gmt":"2022-08-18T10:19:39","guid":{"rendered":"https:\/\/conakrynews.org\/?p=14580"},"modified":"2022-08-18T10:20:21","modified_gmt":"2022-08-18T10:20:21","slug":"14580","status":"publish","type":"post","link":"https:\/\/conakrynews.org\/index.php\/14580\/","title":{"rendered":"Guin\u00e9e\/Transition: le M\u00e9diateur de la CEDEAO attendu \u00e0 Conakry ce dimanche 21 ao\u00fbt"},"content":{"rendered":"<p>Dans un communiqu\u00e9 publi\u00e9 mardi, 16 ao\u00fbt 2022, la commission de la CEDEAO a annonc\u00e9 que son M\u00e9diateur pour la Guin\u00e9e, SE Dr Boni Yayi, ancien pr\u00e9sident du Benin, se rendra de nouveau \u00e0 Conakry, le dimanche 21 ao\u00fbt 2022.<\/p>\n<p>Selon le communiqu\u00e9, le M\u00e9diateur de la CEDEAO pr\u00e9voit un dialogue inclusif avec les membres du gouvernement, les acteurs politiques, les partenaires et la soci\u00e9t\u00e9 civile.<\/p>\n<p>Pour finir, le Pr\u00e9sident de la commission de la CEDEAO, SE Dr Omar Aliou Touray a invit\u00e9 le gouvernement de la transition, la classe politique et la soci\u00e9t\u00e9 civile guin\u00e9enne \u00e0 \u0153uvrer ensemble pour la paix en soutenant et en travaillant solidairement pour la r\u00e9ussite de la mission du M\u00e9diateur.<\/p>\n<p>Ci-joint le communiqu\u00e9 de la CEDEAO<\/p>\n<p><img loading=\"lazy\" decoding=\"async\" src=\"https:\/\/conakrynews.org\/wp-content\/uploads\/2022\/08\/FB_IMG_1660740537874-338x375.jpg\" alt=\"\" width=\"338\" height=\"375\" class=\"alignright size-medium wp-image-14581\" srcset=\"https:\/\/conakrynews.org\/wp-content\/uploads\/2022\/08\/FB_IMG_1660740537874-338x375.jpg 338w, https:\/\/conakrynews.org\/wp-content\/uploads\/2022\/08\/FB_IMG_1660740537874.jpg 720w\" sizes=\"auto, (max-width: 338px) 100vw, 338px\" \/><\/p>\n<p>Guineequotidien.com<\/p>\n","protected":false},"excerpt":{"rendered":"<p>Dans un communiqu\u00e9 publi\u00e9 mardi, 16 ao\u00fbt 2022, la commission de la CEDEAO a annonc\u00e9 que son M\u00e9diateur pour la Guin\u00e9e, SE Dr Boni Yayi, ancien pr\u00e9sident du Benin, se rendra de nouveau \u00e0 Conakry, le dimanche 21 ao\u00fbt 2022. Selon le communiqu\u00e9, le M\u00e9diateur de la CEDEAO pr\u00e9voit un dialogue inclusif avec les membres [&hellip;]<\/p>\n","protected":false},"author":2,"featured_media":14582,"comment_status":"closed","ping_status":"closed","sticky":false,"template":"","format":"standard","meta":{"footnotes":""},"categories":[57],"tags":[],"class_list":{"0":"post-14580","1":"post","2":"type-post","3":"status-publish","4":"format-standard","5":"has-post-thumbnail","7":"category-politique"},"_links":{"self":[{"href":"https:\/\/conakrynews.org\/index.php\/wp-json\/wp\/v2\/posts\/14580","targetHints":{"allow":["GET"]}}],"collection":[{"href":"https:\/\/conakrynews.org\/index.php\/wp-json\/wp\/v2\/posts"}],"about":[{"href":"https:\/\/conakrynews.org\/index.php\/wp-json\/wp\/v2\/types\/post"}],"author":[{"embeddable":true,"href":"https:\/\/conakrynews.org\/index.php\/wp-json\/wp\/v2\/users\/2"}],"replies":[{"embeddable":true,"href":"https:\/\/conakrynews.org\/index.php\/wp-json\/wp\/v2\/comments?post=14580"}],"version-history":[{"count":0,"href":"https:\/\/conakrynews.org\/index.php\/wp-json\/wp\/v2\/posts\/14580\/revisions"}],"wp:featuredmedia":[{"embeddable":true,"href":"https:\/\/conakrynews.org\/index.php\/wp-json\/wp\/v2\/media\/14582"}],"wp:attachment":[{"href":"https:\/\/conakrynews.org\/index.php\/wp-json\/wp\/v2\/media?parent=14580"}],"wp:term":[{"taxonomy":"category","embeddable":true,"href":"https:\/\/conakrynews.org\/index.php\/wp-json\/wp\/v2\/categories?post=14580"},{"taxonomy":"post_tag","embeddable":true,"href":"https:\/\/conakrynews.org\/index.php\/wp-json\/wp\/v2\/tags?post=14580"}],"curies":[{"name":"wp","href":"https:\/\/api.w.org\/{rel}","templated":true}]}}